{"id":3250,"date":"2023-12-05T14:04:47","date_gmt":"2023-12-05T14:04:47","guid":{"rendered":"https:\/\/lasventastour.com\/porque-e-que-a-capa-do-toureiro-e-cor-de-rosa-e-amarela\/"},"modified":"2024-10-01T08:51:33","modified_gmt":"2024-10-01T08:51:33","slug":"por-que-o-manto-do-toureiro-e-rosa-e-amarelo","status":"publish","type":"post","link":"https:\/\/lasventastour.com\/pt-pt\/por-que-o-manto-do-toureiro-e-rosa-e-amarelo\/","title":{"rendered":"Porque \u00e9 que a capa do toureiro \u00e9 cor-de-rosa e amarela?"},"content":{"rendered":"<section class=\"l-section wpb_row height_medium\"><div class=\"l-section-h i-cf\"><div class=\"g-cols vc_row via_grid cols_1 laptops-cols_inherit tablets-cols_inherit mobiles-cols_1 valign_top type_default stacking_default\"><div class=\"wpb_column vc_column_container\"><div class=\"vc_column-inner\"><div class=\"wpb_text_column\"><div class=\"wpb_wrapper\"><p>O pano <strong>de<\/strong> cores vivas usado pelos toureiros durante a luta chama-se <strong>capote de brega<\/strong>.<br \/>\nMas porque \u00e9 que \u00e9 cor-de-rosa e amarelo? <span id=\"more-53\"><\/span> Nas festividades cavalheirescas da Idade M\u00e9dia, o capote era utilizado como <strong>um instrumento para evitar a investida do touro<\/strong>.<br \/>\nMais tarde, nos s\u00e9culos XVI e XVII, verificou-se que a capa era o instrumento comum dos trabalhadores que ajudavam os cavaleiros.<br \/>\nJ\u00e1 nessa altura, existia a express\u00e3o &#8220;echar la capa a alguien&#8221; (atirar a capa a algu\u00e9m) para ajudar um companheiro em situa\u00e7\u00e3o de afli\u00e7\u00e3o.<br \/>\nNo entanto, as cores utilizadas n\u00e3o tinham nada a ver com as de hoje: as capas dos habitantes da cidade eram castanhas ou tingidas de escuro.<br \/>\nCom a <strong>evolu\u00e7\u00e3o da tauromaquia<\/strong>, a capa de toureiro foi-se separando progressivamente da capa de traje, embora tenha mantido a sua forma.<br \/>\nDe facto<strong>, ainda hoje as capas s\u00e3o concebidas com capa, gola e folho largo. <\/strong><\/p>\n<\/div><\/div><div class=\"w-separator size_medium\"><\/div><div class=\"w-image align_center\"><div class=\"w-image-h\"><img decoding=\"async\" width=\"638\" height=\"568\" src=\"https:\/\/lasventastour.com\/wp-content\/uploads\/2023\/12\/capote-taurino.jpg\" class=\"attachment-large size-large\" alt=\"capa de tourada\" loading=\"lazy\" srcset=\"https:\/\/lasventastour.com\/wp-content\/uploads\/2023\/12\/capote-taurino.jpg 638w, https:\/\/lasventastour.com\/wp-content\/uploads\/2023\/12\/capote-taurino-600x534.jpg 600w, https:\/\/lasventastour.com\/wp-content\/uploads\/2023\/12\/capote-taurino-300x267.jpg 300w\" sizes=\"auto, (max-width: 638px) 100vw, 638px\" \/><\/div><\/div><\/div><\/div><\/div><\/div><\/section><section class=\"l-section wpb_row height_medium\"><div class=\"l-section-h i-cf\"><div class=\"g-cols vc_row via_grid cols_1 laptops-cols_inherit tablets-cols_inherit mobiles-cols_1 valign_top type_default stacking_default\"><div class=\"wpb_column vc_column_container\"><div class=\"vc_column-inner\"><div class=\"wpb_text_column\"><div class=\"wpb_wrapper\"><p>A cor atual da <strong>trave<\/strong> \u00e9 o rosa ou f\u00facsia, enquanto o forro ou <strong>a parte inferior<\/strong> \u00e9 geralmente amarelo, embora alguns toureiros, por supersti\u00e7\u00e3o, tenham retomado a velha tradi\u00e7\u00e3o de usar tons escuros, como o azul ou o verde.<br \/>\nTradicionalmente, o cor-de-rosa est\u00e1 associado \u00e0 boa sorte e o amarelo \u00e0 m\u00e1 sorte. <strong>Ambas as cores tingem as capas dos toureiros, como uma dicotomia inerente ao mundo das touradas: fortuna e infort\u00fanio, triunfo e fracasso, sol e sombra, vida e morte.<\/strong><\/p>\n<div>Havia tamb\u00e9m um <strong>fator econ\u00f3mico:<\/strong> antigamente, as cores vivas, como o rosa, eram as mais dif\u00edceis de obter e, por conseguinte, as mais caras.<br \/>\nEsta escolha (a capa cor-de-rosa) era uma recorda\u00e7\u00e3o da classe e da nobreza do toureiro.<\/div>\n<\/div><\/div><\/div><\/div><\/div><\/div><\/section>\n","protected":false},"excerpt":{"rendered":"O pano de cores vivas usado pelos toureiros durante a luta chama-se capote de brega. Mas porque \u00e9 que \u00e9 cor-de-rosa e amarelo? Nas festividades cavalheirescas da Idade M\u00e9dia, o capote era utilizado como um instrumento para evitar a investida do touro. Mais tarde, nos s\u00e9culos XVI e XVII, verificou-se que a capa era o...","protected":false},"author":1,"featured_media":1335,"comment_status":"open","ping_status":"open","sticky":false,"template":"","format":"standard","meta":{"footnotes":""},"categories":[46],"tags":[],"class_list":["post-3250","post","type-post","status-publish","format-standard","has-post-thumbnail","hentry","category-curiosidades-pt-pt"],"yoast_head":"<!-- This site is optimized with the Yoast SEO plugin v27.5 - https:\/\/yoast.com\/product\/yoast-seo-wordpress\/ -->\n<title>\u25b7 Porque \u00e9 que a capa do toureiro \u00e9 rosa e amarela?<\/title>\n<meta name=\"description\" content=\"Descobre porque \u00e9 que a capa do toureiro \u00e9 rosa e amarela, bem como a hist\u00f3ria da capa e a sua import\u00e2ncia nas touradas.\" \/>\n<meta name=\"robots\" content=\"index, follow, max-snippet:-1, max-image-preview:large, max-video-preview:-1\" \/>\n<link rel=\"canonical\" href=\"https:\/\/lasventastour.com\/pt-pt\/por-que-o-manto-do-toureiro-e-rosa-e-amarelo\/\" \/>\n<meta property=\"og:locale\" content=\"pt_PT\" \/>\n<meta property=\"og:type\" content=\"article\" \/>\n<meta property=\"og:title\" content=\"\u25b7 Porque \u00e9 que a capa do toureiro \u00e9 rosa e amarela?\" \/>\n<meta property=\"og:description\" content=\"Descobre porque \u00e9 que a capa do toureiro \u00e9 rosa e amarela, bem como a hist\u00f3ria da capa e a sua import\u00e2ncia nas touradas.\" \/>\n<meta property=\"og:url\" content=\"https:\/\/lasventastour.com\/pt-pt\/por-que-o-manto-do-toureiro-e-rosa-e-amarelo\/\" \/>\n<meta property=\"og:site_name\" content=\"Las Ventas Tour\" \/>\n<meta property=\"article:published_time\" content=\"2023-12-05T14:04:47+00:00\" \/>\n<meta property=\"article:modified_time\" content=\"2024-10-01T08:51:33+00:00\" \/>\n<meta property=\"og:image\" content=\"https:\/\/lasventastour.com\/wp-content\/uploads\/2023\/12\/capote-torero.webp\" \/>\n\t<meta property=\"og:image:width\" content=\"657\" \/>\n\t<meta property=\"og:image:height\" content=\"436\" \/>\n\t<meta property=\"og:image:type\" content=\"image\/webp\" \/>\n<meta name=\"author\" content=\"Marketing\" \/>\n<meta name=\"twitter:card\" content=\"summary_large_image\" \/>\n<meta name=\"twitter:label1\" content=\"Escrito por\" \/>\n\t<meta name=\"twitter:data1\" content=\"Marketing\" \/>\n\t<meta name=\"twitter:label2\" content=\"Tempo estimado de leitura\" \/>\n\t<meta name=\"twitter:data2\" content=\"2 minutos\" \/>\n<script type=\"application\/ld+json\" class=\"yoast-schema-graph\">{\"@context\":\"https:\\\/\\\/schema.org\",\"@graph\":[{\"@type\":\"Article\",\"@id\":\"https:\\\/\\\/lasventastour.com\\\/pt-pt\\\/por-que-o-manto-do-toureiro-e-rosa-e-amarelo\\\/#article\",\"isPartOf\":{\"@id\":\"https:\\\/\\\/lasventastour.com\\\/pt-pt\\\/por-que-o-manto-do-toureiro-e-rosa-e-amarelo\\\/\"},\"author\":{\"name\":\"Marketing\",\"@id\":\"https:\\\/\\\/lasventastour.com\\\/pt-pt\\\/#\\\/schema\\\/person\\\/1929dadef5851db38bb10e82da906c66\"},\"headline\":\"Porque \u00e9 que a capa do toureiro \u00e9 cor-de-rosa e amarela?\",\"datePublished\":\"2023-12-05T14:04:47+00:00\",\"dateModified\":\"2024-10-01T08:51:33+00:00\",\"mainEntityOfPage\":{\"@id\":\"https:\\\/\\\/lasventastour.com\\\/pt-pt\\\/por-que-o-manto-do-toureiro-e-rosa-e-amarelo\\\/\"},\"wordCount\":332,\"commentCount\":0,\"publisher\":{\"@id\":\"https:\\\/\\\/lasventastour.com\\\/pt-pt\\\/#organization\"},\"image\":{\"@id\":\"https:\\\/\\\/lasventastour.com\\\/pt-pt\\\/por-que-o-manto-do-toureiro-e-rosa-e-amarelo\\\/#primaryimage\"},\"thumbnailUrl\":\"https:\\\/\\\/lasventastour.com\\\/wp-content\\\/uploads\\\/2023\\\/12\\\/capote-torero.webp\",\"articleSection\":[\"Curiosidades\"],\"inLanguage\":\"pt-PT\",\"potentialAction\":[{\"@type\":\"CommentAction\",\"name\":\"Comment\",\"target\":[\"https:\\\/\\\/lasventastour.com\\\/pt-pt\\\/por-que-o-manto-do-toureiro-e-rosa-e-amarelo\\\/#respond\"]}]},{\"@type\":\"WebPage\",\"@id\":\"https:\\\/\\\/lasventastour.com\\\/pt-pt\\\/por-que-o-manto-do-toureiro-e-rosa-e-amarelo\\\/\",\"url\":\"https:\\\/\\\/lasventastour.com\\\/pt-pt\\\/por-que-o-manto-do-toureiro-e-rosa-e-amarelo\\\/\",\"name\":\"\u25b7 Porque \u00e9 que a capa do toureiro \u00e9 rosa e amarela?\",\"isPartOf\":{\"@id\":\"https:\\\/\\\/lasventastour.com\\\/pt-pt\\\/#website\"},\"primaryImageOfPage\":{\"@id\":\"https:\\\/\\\/lasventastour.com\\\/pt-pt\\\/por-que-o-manto-do-toureiro-e-rosa-e-amarelo\\\/#primaryimage\"},\"image\":{\"@id\":\"https:\\\/\\\/lasventastour.com\\\/pt-pt\\\/por-que-o-manto-do-toureiro-e-rosa-e-amarelo\\\/#primaryimage\"},\"thumbnailUrl\":\"https:\\\/\\\/lasventastour.com\\\/wp-content\\\/uploads\\\/2023\\\/12\\\/capote-torero.webp\",\"datePublished\":\"2023-12-05T14:04:47+00:00\",\"dateModified\":\"2024-10-01T08:51:33+00:00\",\"description\":\"Descobre porque \u00e9 que a capa do toureiro \u00e9 rosa e amarela, bem como a hist\u00f3ria da capa e a sua import\u00e2ncia nas touradas.\",\"breadcrumb\":{\"@id\":\"https:\\\/\\\/lasventastour.com\\\/pt-pt\\\/por-que-o-manto-do-toureiro-e-rosa-e-amarelo\\\/#breadcrumb\"},\"inLanguage\":\"pt-PT\",\"potentialAction\":[{\"@type\":\"ReadAction\",\"target\":[\"https:\\\/\\\/lasventastour.com\\\/pt-pt\\\/por-que-o-manto-do-toureiro-e-rosa-e-amarelo\\\/\"]}]},{\"@type\":\"ImageObject\",\"inLanguage\":\"pt-PT\",\"@id\":\"https:\\\/\\\/lasventastour.com\\\/pt-pt\\\/por-que-o-manto-do-toureiro-e-rosa-e-amarelo\\\/#primaryimage\",\"url\":\"https:\\\/\\\/lasventastour.com\\\/wp-content\\\/uploads\\\/2023\\\/12\\\/capote-torero.webp\",\"contentUrl\":\"https:\\\/\\\/lasventastour.com\\\/wp-content\\\/uploads\\\/2023\\\/12\\\/capote-torero.webp\",\"width\":657,\"height\":436,\"caption\":\"capa de tourada\"},{\"@type\":\"BreadcrumbList\",\"@id\":\"https:\\\/\\\/lasventastour.com\\\/pt-pt\\\/por-que-o-manto-do-toureiro-e-rosa-e-amarelo\\\/#breadcrumb\",\"itemListElement\":[{\"@type\":\"ListItem\",\"position\":1,\"name\":\"Portada\",\"item\":\"https:\\\/\\\/lasventastour.com\\\/pt-pt\\\/\"},{\"@type\":\"ListItem\",\"position\":2,\"name\":\"Porque \u00e9 que a capa do toureiro \u00e9 cor-de-rosa e amarela?\"}]},{\"@type\":\"WebSite\",\"@id\":\"https:\\\/\\\/lasventastour.com\\\/pt-pt\\\/#website\",\"url\":\"https:\\\/\\\/lasventastour.com\\\/pt-pt\\\/\",\"name\":\"Las Ventas Tour\",\"description\":\"Tour Las Ventas | Plaza de Toros de Madrid | Web Oficial\",\"publisher\":{\"@id\":\"https:\\\/\\\/lasventastour.com\\\/pt-pt\\\/#organization\"},\"alternateName\":\"Las Ventas Tour\",\"potentialAction\":[{\"@type\":\"SearchAction\",\"target\":{\"@type\":\"EntryPoint\",\"urlTemplate\":\"https:\\\/\\\/lasventastour.com\\\/pt-pt\\\/?s={search_term_string}\"},\"query-input\":{\"@type\":\"PropertyValueSpecification\",\"valueRequired\":true,\"valueName\":\"search_term_string\"}}],\"inLanguage\":\"pt-PT\"},{\"@type\":\"Organization\",\"@id\":\"https:\\\/\\\/lasventastour.com\\\/pt-pt\\\/#organization\",\"name\":\"Las Ventas Tour\",\"alternateName\":\"Las Ventas Tour\",\"url\":\"https:\\\/\\\/lasventastour.com\\\/pt-pt\\\/\",\"logo\":{\"@type\":\"ImageObject\",\"inLanguage\":\"pt-PT\",\"@id\":\"https:\\\/\\\/lasventastour.com\\\/pt-pt\\\/#\\\/schema\\\/logo\\\/image\\\/\",\"url\":\"https:\\\/\\\/lasventastour.com\\\/wp-content\\\/uploads\\\/2024\\\/09\\\/cropped-Logo-Las-Ventas-1.webp\",\"contentUrl\":\"https:\\\/\\\/lasventastour.com\\\/wp-content\\\/uploads\\\/2024\\\/09\\\/cropped-Logo-Las-Ventas-1.webp\",\"width\":512,\"height\":512,\"caption\":\"Las Ventas Tour\"},\"image\":{\"@id\":\"https:\\\/\\\/lasventastour.com\\\/pt-pt\\\/#\\\/schema\\\/logo\\\/image\\\/\"},\"sameAs\":[\"https:\\\/\\\/www.instagram.com\\\/lasventastour\\\/\"]},{\"@type\":\"Person\",\"@id\":\"https:\\\/\\\/lasventastour.com\\\/pt-pt\\\/#\\\/schema\\\/person\\\/1929dadef5851db38bb10e82da906c66\",\"name\":\"Marketing\",\"image\":{\"@type\":\"ImageObject\",\"inLanguage\":\"pt-PT\",\"@id\":\"https:\\\/\\\/lasventastour.com\\\/wp-content\\\/litespeed\\\/avatar\\\/784dc806a7d23845afc4e9cc8c15fe87.jpg?ver=1777381323\",\"url\":\"https:\\\/\\\/lasventastour.com\\\/wp-content\\\/litespeed\\\/avatar\\\/784dc806a7d23845afc4e9cc8c15fe87.jpg?ver=1777381323\",\"contentUrl\":\"https:\\\/\\\/lasventastour.com\\\/wp-content\\\/litespeed\\\/avatar\\\/784dc806a7d23845afc4e9cc8c15fe87.jpg?ver=1777381323\",\"caption\":\"Marketing\"},\"url\":\"https:\\\/\\\/lasventastour.com\\\/pt-pt\\\/author\\\/admin_6om2e6u0\\\/\"}]}<\/script>\n<!-- \/ Yoast SEO plugin. -->","yoast_head_json":{"title":"\u25b7 Porque \u00e9 que a capa do toureiro \u00e9 rosa e amarela?","description":"Descobre porque \u00e9 que a capa do toureiro \u00e9 rosa e amarela, bem como a hist\u00f3ria da capa e a sua import\u00e2ncia nas touradas.","robots":{"index":"index","follow":"follow","max-snippet":"max-snippet:-1","max-image-preview":"max-image-preview:large","max-video-preview":"max-video-preview:-1"},"canonical":"https:\/\/lasventastour.com\/pt-pt\/por-que-o-manto-do-toureiro-e-rosa-e-amarelo\/","og_locale":"pt_PT","og_type":"article","og_title":"\u25b7 Porque \u00e9 que a capa do toureiro \u00e9 rosa e amarela?","og_description":"Descobre porque \u00e9 que a capa do toureiro \u00e9 rosa e amarela, bem como a hist\u00f3ria da capa e a sua import\u00e2ncia nas touradas.","og_url":"https:\/\/lasventastour.com\/pt-pt\/por-que-o-manto-do-toureiro-e-rosa-e-amarelo\/","og_site_name":"Las Ventas Tour","article_published_time":"2023-12-05T14:04:47+00:00","article_modified_time":"2024-10-01T08:51:33+00:00","og_image":[{"width":657,"height":436,"url":"https:\/\/lasventastour.com\/wp-content\/uploads\/2023\/12\/capote-torero.webp","type":"image\/webp"}],"author":"Marketing","twitter_card":"summary_large_image","twitter_misc":{"Escrito por":"Marketing","Tempo estimado de leitura":"2 minutos"},"schema":{"@context":"https:\/\/schema.org","@graph":[{"@type":"Article","@id":"https:\/\/lasventastour.com\/pt-pt\/por-que-o-manto-do-toureiro-e-rosa-e-amarelo\/#article","isPartOf":{"@id":"https:\/\/lasventastour.com\/pt-pt\/por-que-o-manto-do-toureiro-e-rosa-e-amarelo\/"},"author":{"name":"Marketing","@id":"https:\/\/lasventastour.com\/pt-pt\/#\/schema\/person\/1929dadef5851db38bb10e82da906c66"},"headline":"Porque \u00e9 que a capa do toureiro \u00e9 cor-de-rosa e amarela?","datePublished":"2023-12-05T14:04:47+00:00","dateModified":"2024-10-01T08:51:33+00:00","mainEntityOfPage":{"@id":"https:\/\/lasventastour.com\/pt-pt\/por-que-o-manto-do-toureiro-e-rosa-e-amarelo\/"},"wordCount":332,"commentCount":0,"publisher":{"@id":"https:\/\/lasventastour.com\/pt-pt\/#organization"},"image":{"@id":"https:\/\/lasventastour.com\/pt-pt\/por-que-o-manto-do-toureiro-e-rosa-e-amarelo\/#primaryimage"},"thumbnailUrl":"https:\/\/lasventastour.com\/wp-content\/uploads\/2023\/12\/capote-torero.webp","articleSection":["Curiosidades"],"inLanguage":"pt-PT","potentialAction":[{"@type":"CommentAction","name":"Comment","target":["https:\/\/lasventastour.com\/pt-pt\/por-que-o-manto-do-toureiro-e-rosa-e-amarelo\/#respond"]}]},{"@type":"WebPage","@id":"https:\/\/lasventastour.com\/pt-pt\/por-que-o-manto-do-toureiro-e-rosa-e-amarelo\/","url":"https:\/\/lasventastour.com\/pt-pt\/por-que-o-manto-do-toureiro-e-rosa-e-amarelo\/","name":"\u25b7 Porque \u00e9 que a capa do toureiro \u00e9 rosa e amarela?","isPartOf":{"@id":"https:\/\/lasventastour.com\/pt-pt\/#website"},"primaryImageOfPage":{"@id":"https:\/\/lasventastour.com\/pt-pt\/por-que-o-manto-do-toureiro-e-rosa-e-amarelo\/#primaryimage"},"image":{"@id":"https:\/\/lasventastour.com\/pt-pt\/por-que-o-manto-do-toureiro-e-rosa-e-amarelo\/#primaryimage"},"thumbnailUrl":"https:\/\/lasventastour.com\/wp-content\/uploads\/2023\/12\/capote-torero.webp","datePublished":"2023-12-05T14:04:47+00:00","dateModified":"2024-10-01T08:51:33+00:00","description":"Descobre porque \u00e9 que a capa do toureiro \u00e9 rosa e amarela, bem como a hist\u00f3ria da capa e a sua import\u00e2ncia nas touradas.","breadcrumb":{"@id":"https:\/\/lasventastour.com\/pt-pt\/por-que-o-manto-do-toureiro-e-rosa-e-amarelo\/#breadcrumb"},"inLanguage":"pt-PT","potentialAction":[{"@type":"ReadAction","target":["https:\/\/lasventastour.com\/pt-pt\/por-que-o-manto-do-toureiro-e-rosa-e-amarelo\/"]}]},{"@type":"ImageObject","inLanguage":"pt-PT","@id":"https:\/\/lasventastour.com\/pt-pt\/por-que-o-manto-do-toureiro-e-rosa-e-amarelo\/#primaryimage","url":"https:\/\/lasventastour.com\/wp-content\/uploads\/2023\/12\/capote-torero.webp","contentUrl":"https:\/\/lasventastour.com\/wp-content\/uploads\/2023\/12\/capote-torero.webp","width":657,"height":436,"caption":"capa de tourada"},{"@type":"BreadcrumbList","@id":"https:\/\/lasventastour.com\/pt-pt\/por-que-o-manto-do-toureiro-e-rosa-e-amarelo\/#breadcrumb","itemListElement":[{"@type":"ListItem","position":1,"name":"Portada","item":"https:\/\/lasventastour.com\/pt-pt\/"},{"@type":"ListItem","position":2,"name":"Porque \u00e9 que a capa do toureiro \u00e9 cor-de-rosa e amarela?"}]},{"@type":"WebSite","@id":"https:\/\/lasventastour.com\/pt-pt\/#website","url":"https:\/\/lasventastour.com\/pt-pt\/","name":"Las Ventas Tour","description":"Tour Las Ventas | Plaza de Toros de Madrid | Web Oficial","publisher":{"@id":"https:\/\/lasventastour.com\/pt-pt\/#organization"},"alternateName":"Las Ventas Tour","potentialAction":[{"@type":"SearchAction","target":{"@type":"EntryPoint","urlTemplate":"https:\/\/lasventastour.com\/pt-pt\/?s={search_term_string}"},"query-input":{"@type":"PropertyValueSpecification","valueRequired":true,"valueName":"search_term_string"}}],"inLanguage":"pt-PT"},{"@type":"Organization","@id":"https:\/\/lasventastour.com\/pt-pt\/#organization","name":"Las Ventas Tour","alternateName":"Las Ventas Tour","url":"https:\/\/lasventastour.com\/pt-pt\/","logo":{"@type":"ImageObject","inLanguage":"pt-PT","@id":"https:\/\/lasventastour.com\/pt-pt\/#\/schema\/logo\/image\/","url":"https:\/\/lasventastour.com\/wp-content\/uploads\/2024\/09\/cropped-Logo-Las-Ventas-1.webp","contentUrl":"https:\/\/lasventastour.com\/wp-content\/uploads\/2024\/09\/cropped-Logo-Las-Ventas-1.webp","width":512,"height":512,"caption":"Las Ventas Tour"},"image":{"@id":"https:\/\/lasventastour.com\/pt-pt\/#\/schema\/logo\/image\/"},"sameAs":["https:\/\/www.instagram.com\/lasventastour\/"]},{"@type":"Person","@id":"https:\/\/lasventastour.com\/pt-pt\/#\/schema\/person\/1929dadef5851db38bb10e82da906c66","name":"Marketing","image":{"@type":"ImageObject","inLanguage":"pt-PT","@id":"https:\/\/lasventastour.com\/wp-content\/litespeed\/avatar\/784dc806a7d23845afc4e9cc8c15fe87.jpg?ver=1777381323","url":"https:\/\/lasventastour.com\/wp-content\/litespeed\/avatar\/784dc806a7d23845afc4e9cc8c15fe87.jpg?ver=1777381323","contentUrl":"https:\/\/lasventastour.com\/wp-content\/litespeed\/avatar\/784dc806a7d23845afc4e9cc8c15fe87.jpg?ver=1777381323","caption":"Marketing"},"url":"https:\/\/lasventastour.com\/pt-pt\/author\/admin_6om2e6u0\/"}]}},"_links":{"self":[{"href":"https:\/\/lasventastour.com\/pt-pt\/wp-json\/wp\/v2\/posts\/3250","targetHints":{"allow":["GET"]}}],"collection":[{"href":"https:\/\/lasventastour.com\/pt-pt\/wp-json\/wp\/v2\/posts"}],"about":[{"href":"https:\/\/lasventastour.com\/pt-pt\/wp-json\/wp\/v2\/types\/post"}],"author":[{"embeddable":true,"href":"https:\/\/lasventastour.com\/pt-pt\/wp-json\/wp\/v2\/users\/1"}],"replies":[{"embeddable":true,"href":"https:\/\/lasventastour.com\/pt-pt\/wp-json\/wp\/v2\/comments?post=3250"}],"version-history":[{"count":3,"href":"https:\/\/lasventastour.com\/pt-pt\/wp-json\/wp\/v2\/posts\/3250\/revisions"}],"predecessor-version":[{"id":3462,"href":"https:\/\/lasventastour.com\/pt-pt\/wp-json\/wp\/v2\/posts\/3250\/revisions\/3462"}],"wp:featuredmedia":[{"embeddable":true,"href":"https:\/\/lasventastour.com\/pt-pt\/wp-json\/wp\/v2\/media\/1335"}],"wp:attachment":[{"href":"https:\/\/lasventastour.com\/pt-pt\/wp-json\/wp\/v2\/media?parent=3250"}],"wp:term":[{"taxonomy":"category","embeddable":true,"href":"https:\/\/lasventastour.com\/pt-pt\/wp-json\/wp\/v2\/categories?post=3250"},{"taxonomy":"post_tag","embeddable":true,"href":"https:\/\/lasventastour.com\/pt-pt\/wp-json\/wp\/v2\/tags?post=3250"}],"curies":[{"name":"wp","href":"https:\/\/api.w.org\/{rel}","templated":true}]}}