{"id":3102,"date":"2023-12-05T15:37:24","date_gmt":"2023-12-05T15:37:24","guid":{"rendered":"https:\/\/lasventastour.com\/excursao-de-colocacao-zero-em-las-ventas\/"},"modified":"2024-09-11T08:42:15","modified_gmt":"2024-09-11T08:42:15","slug":"excursao-de-colocacao-zero-em-las-ventas","status":"publish","type":"post","link":"https:\/\/lasventastour.com\/pt-pt\/excursao-de-colocacao-zero-em-las-ventas\/","title":{"rendered":"Excurs\u00e3o de coloca\u00e7\u00e3o zero em Las Ventas"},"content":{"rendered":"<section class=\"l-section wpb_row height_medium\"><div class=\"l-section-h i-cf\"><div class=\"g-cols vc_row via_grid cols_1 laptops-cols_inherit tablets-cols_inherit mobiles-cols_1 valign_top type_default stacking_default\"><div class=\"wpb_column vc_column_container\"><div class=\"vc_column-inner\"><div class=\"wpb_text_column\"><div class=\"wpb_wrapper\"><p>A Arena Las Ventas del Esp\u00edritu Santo \u00e9 um monumento vivo e cont\u00ednuo \u00e0s pessoas que com ela conversam. Sucessivamente partilhamos o servi\u00e7o do programa na corrida do seu TVE no 2, o senhor Tiendo Cero. Desta forma vemos como muda a perspetiva do cliente, primeiro conhecemos o nosso trabalho e fazemos a visita guiada, depois outra coisa. No rapporto compaiono o manager Pedro Gracia e um dos colegas e gruisti mais veteranos, Yoann Meurs, que viu detalhadamente as informa\u00e7\u00f5es mais importantes do passeio. N\u00e3o deixei de ver o v\u00eddeo<strong>:<\/strong><\/p>\n<\/div><\/div><div class=\"w-separator size_medium\"><\/div><div class=\"w-video align_center ratio_16x9 has_iframe\"><div class=\"w-video-h\"><iframe title=\"Youtube video player\" src=\"\/\/www.youtube.com\/embed\/EYKpUll5E4g?autoplay=0&controls=1&origin=https:\/\/lasventastour.com\/pt-pt\/&loop=0&mute=0\" allowfullscreen=\"1\" loading=\"lazy\"><\/iframe><\/div><\/div><\/div><\/div><\/div><\/div><\/section>\n","protected":false},"excerpt":{"rendered":"A Arena Las Ventas del Esp\u00edritu Santo \u00e9 um monumento vivo e cont\u00ednuo \u00e0s pessoas que com ela conversam. Sucessivamente partilhamos o servi\u00e7o do programa na corrida do seu TVE no 2, o senhor Tiendo Cero. Desta forma vemos como muda a perspetiva do cliente, primeiro conhecemos o nosso trabalho e fazemos a visita guiada,...","protected":false},"author":1,"featured_media":1406,"comment_status":"open","ping_status":"open","sticky":false,"template":"","format":"standard","meta":{"footnotes":""},"categories":[54],"tags":[],"class_list":["post-3102","post","type-post","status-publish","format-standard","has-post-thumbnail","hentry","category-noticias-pt-pt"],"yoast_head":"<!-- This site is optimized with the Yoast SEO plugin v27.5 - https:\/\/yoast.com\/product\/yoast-seo-wordpress\/ -->\n<title>Excurs\u00e3o de coloca\u00e7\u00e3o zero em Las Ventas - Las Ventas Tour<\/title>\n<meta name=\"description\" content=\"Contamos-lhe como muda a perspetiva de um cliente, antes de conhecer o nosso trabalho e ap\u00f3s a visita guiada.\" \/>\n<meta name=\"robots\" content=\"index, follow, max-snippet:-1, max-image-preview:large, max-video-preview:-1\" \/>\n<link rel=\"canonical\" href=\"https:\/\/lasventastour.com\/pt-pt\/excursao-de-colocacao-zero-em-las-ventas\/\" \/>\n<meta property=\"og:locale\" content=\"pt_PT\" \/>\n<meta property=\"og:type\" content=\"article\" \/>\n<meta property=\"og:title\" content=\"Excurs\u00e3o de coloca\u00e7\u00e3o zero em Las Ventas - Las Ventas Tour\" \/>\n<meta property=\"og:description\" content=\"Contamos-lhe como muda a perspetiva de um cliente, antes de conhecer o nosso trabalho e ap\u00f3s a visita guiada.\" \/>\n<meta property=\"og:url\" content=\"https:\/\/lasventastour.com\/pt-pt\/excursao-de-colocacao-zero-em-las-ventas\/\" \/>\n<meta property=\"og:site_name\" content=\"Las Ventas Tour\" \/>\n<meta property=\"article:published_time\" content=\"2023-12-05T15:37:24+00:00\" \/>\n<meta property=\"article:modified_time\" content=\"2024-09-11T08:42:15+00:00\" \/>\n<meta property=\"og:image\" content=\"https:\/\/lasventastour.com\/wp-content\/uploads\/2023\/12\/tendido-cero-1024x532-1.jpg\" \/>\n\t<meta property=\"og:image:width\" content=\"1024\" \/>\n\t<meta property=\"og:image:height\" content=\"532\" \/>\n\t<meta property=\"og:image:type\" content=\"image\/jpeg\" \/>\n<meta name=\"author\" content=\"Marketing\" \/>\n<meta name=\"twitter:card\" content=\"summary_large_image\" \/>\n<meta name=\"twitter:label1\" content=\"Escrito por\" \/>\n\t<meta name=\"twitter:data1\" content=\"Marketing\" \/>\n\t<meta name=\"twitter:label2\" content=\"Tempo estimado de leitura\" \/>\n\t<meta name=\"twitter:data2\" content=\"1 minuto\" \/>\n<script type=\"application\/ld+json\" class=\"yoast-schema-graph\">{\"@context\":\"https:\\\/\\\/schema.org\",\"@graph\":[{\"@type\":\"Article\",\"@id\":\"https:\\\/\\\/lasventastour.com\\\/pt-pt\\\/excursao-de-colocacao-zero-em-las-ventas\\\/#article\",\"isPartOf\":{\"@id\":\"https:\\\/\\\/lasventastour.com\\\/pt-pt\\\/excursao-de-colocacao-zero-em-las-ventas\\\/\"},\"author\":{\"name\":\"Marketing\",\"@id\":\"https:\\\/\\\/lasventastour.com\\\/pt-pt\\\/#\\\/schema\\\/person\\\/1929dadef5851db38bb10e82da906c66\"},\"headline\":\"Excurs\u00e3o de coloca\u00e7\u00e3o zero em Las Ventas\",\"datePublished\":\"2023-12-05T15:37:24+00:00\",\"dateModified\":\"2024-09-11T08:42:15+00:00\",\"mainEntityOfPage\":{\"@id\":\"https:\\\/\\\/lasventastour.com\\\/pt-pt\\\/excursao-de-colocacao-zero-em-las-ventas\\\/\"},\"wordCount\":131,\"commentCount\":0,\"publisher\":{\"@id\":\"https:\\\/\\\/lasventastour.com\\\/pt-pt\\\/#organization\"},\"image\":{\"@id\":\"https:\\\/\\\/lasventastour.com\\\/pt-pt\\\/excursao-de-colocacao-zero-em-las-ventas\\\/#primaryimage\"},\"thumbnailUrl\":\"https:\\\/\\\/lasventastour.com\\\/wp-content\\\/uploads\\\/2023\\\/12\\\/tendido-cero-1024x532-1.jpg\",\"articleSection\":[\"Not\u00edcias\"],\"inLanguage\":\"pt-PT\",\"potentialAction\":[{\"@type\":\"CommentAction\",\"name\":\"Comment\",\"target\":[\"https:\\\/\\\/lasventastour.com\\\/pt-pt\\\/excursao-de-colocacao-zero-em-las-ventas\\\/#respond\"]}]},{\"@type\":\"WebPage\",\"@id\":\"https:\\\/\\\/lasventastour.com\\\/pt-pt\\\/excursao-de-colocacao-zero-em-las-ventas\\\/\",\"url\":\"https:\\\/\\\/lasventastour.com\\\/pt-pt\\\/excursao-de-colocacao-zero-em-las-ventas\\\/\",\"name\":\"Excurs\u00e3o de coloca\u00e7\u00e3o zero em Las Ventas - Las Ventas Tour\",\"isPartOf\":{\"@id\":\"https:\\\/\\\/lasventastour.com\\\/pt-pt\\\/#website\"},\"primaryImageOfPage\":{\"@id\":\"https:\\\/\\\/lasventastour.com\\\/pt-pt\\\/excursao-de-colocacao-zero-em-las-ventas\\\/#primaryimage\"},\"image\":{\"@id\":\"https:\\\/\\\/lasventastour.com\\\/pt-pt\\\/excursao-de-colocacao-zero-em-las-ventas\\\/#primaryimage\"},\"thumbnailUrl\":\"https:\\\/\\\/lasventastour.com\\\/wp-content\\\/uploads\\\/2023\\\/12\\\/tendido-cero-1024x532-1.jpg\",\"datePublished\":\"2023-12-05T15:37:24+00:00\",\"dateModified\":\"2024-09-11T08:42:15+00:00\",\"description\":\"Contamos-lhe como muda a perspetiva de um cliente, antes de conhecer o nosso trabalho e ap\u00f3s a visita guiada.\",\"breadcrumb\":{\"@id\":\"https:\\\/\\\/lasventastour.com\\\/pt-pt\\\/excursao-de-colocacao-zero-em-las-ventas\\\/#breadcrumb\"},\"inLanguage\":\"pt-PT\",\"potentialAction\":[{\"@type\":\"ReadAction\",\"target\":[\"https:\\\/\\\/lasventastour.com\\\/pt-pt\\\/excursao-de-colocacao-zero-em-las-ventas\\\/\"]}]},{\"@type\":\"ImageObject\",\"inLanguage\":\"pt-PT\",\"@id\":\"https:\\\/\\\/lasventastour.com\\\/pt-pt\\\/excursao-de-colocacao-zero-em-las-ventas\\\/#primaryimage\",\"url\":\"https:\\\/\\\/lasventastour.com\\\/wp-content\\\/uploads\\\/2023\\\/12\\\/tendido-cero-1024x532-1.jpg\",\"contentUrl\":\"https:\\\/\\\/lasventastour.com\\\/wp-content\\\/uploads\\\/2023\\\/12\\\/tendido-cero-1024x532-1.jpg\",\"width\":1024,\"height\":532},{\"@type\":\"BreadcrumbList\",\"@id\":\"https:\\\/\\\/lasventastour.com\\\/pt-pt\\\/excursao-de-colocacao-zero-em-las-ventas\\\/#breadcrumb\",\"itemListElement\":[{\"@type\":\"ListItem\",\"position\":1,\"name\":\"Portada\",\"item\":\"https:\\\/\\\/lasventastour.com\\\/pt-pt\\\/\"},{\"@type\":\"ListItem\",\"position\":2,\"name\":\"Excurs\u00e3o de coloca\u00e7\u00e3o zero em Las Ventas\"}]},{\"@type\":\"WebSite\",\"@id\":\"https:\\\/\\\/lasventastour.com\\\/pt-pt\\\/#website\",\"url\":\"https:\\\/\\\/lasventastour.com\\\/pt-pt\\\/\",\"name\":\"Las Ventas Tour\",\"description\":\"Tour Las Ventas | Plaza de Toros de Madrid | Web Oficial\",\"publisher\":{\"@id\":\"https:\\\/\\\/lasventastour.com\\\/pt-pt\\\/#organization\"},\"alternateName\":\"Las Ventas Tour\",\"potentialAction\":[{\"@type\":\"SearchAction\",\"target\":{\"@type\":\"EntryPoint\",\"urlTemplate\":\"https:\\\/\\\/lasventastour.com\\\/pt-pt\\\/?s={search_term_string}\"},\"query-input\":{\"@type\":\"PropertyValueSpecification\",\"valueRequired\":true,\"valueName\":\"search_term_string\"}}],\"inLanguage\":\"pt-PT\"},{\"@type\":\"Organization\",\"@id\":\"https:\\\/\\\/lasventastour.com\\\/pt-pt\\\/#organization\",\"name\":\"Las Ventas Tour\",\"alternateName\":\"Las Ventas Tour\",\"url\":\"https:\\\/\\\/lasventastour.com\\\/pt-pt\\\/\",\"logo\":{\"@type\":\"ImageObject\",\"inLanguage\":\"pt-PT\",\"@id\":\"https:\\\/\\\/lasventastour.com\\\/pt-pt\\\/#\\\/schema\\\/logo\\\/image\\\/\",\"url\":\"https:\\\/\\\/lasventastour.com\\\/wp-content\\\/uploads\\\/2024\\\/09\\\/cropped-Logo-Las-Ventas-1.webp\",\"contentUrl\":\"https:\\\/\\\/lasventastour.com\\\/wp-content\\\/uploads\\\/2024\\\/09\\\/cropped-Logo-Las-Ventas-1.webp\",\"width\":512,\"height\":512,\"caption\":\"Las Ventas Tour\"},\"image\":{\"@id\":\"https:\\\/\\\/lasventastour.com\\\/pt-pt\\\/#\\\/schema\\\/logo\\\/image\\\/\"},\"sameAs\":[\"https:\\\/\\\/www.instagram.com\\\/lasventastour\\\/\"]},{\"@type\":\"Person\",\"@id\":\"https:\\\/\\\/lasventastour.com\\\/pt-pt\\\/#\\\/schema\\\/person\\\/1929dadef5851db38bb10e82da906c66\",\"name\":\"Marketing\",\"image\":{\"@type\":\"ImageObject\",\"inLanguage\":\"pt-PT\",\"@id\":\"https:\\\/\\\/lasventastour.com\\\/wp-content\\\/litespeed\\\/avatar\\\/784dc806a7d23845afc4e9cc8c15fe87.jpg?ver=1777381323\",\"url\":\"https:\\\/\\\/lasventastour.com\\\/wp-content\\\/litespeed\\\/avatar\\\/784dc806a7d23845afc4e9cc8c15fe87.jpg?ver=1777381323\",\"contentUrl\":\"https:\\\/\\\/lasventastour.com\\\/wp-content\\\/litespeed\\\/avatar\\\/784dc806a7d23845afc4e9cc8c15fe87.jpg?ver=1777381323\",\"caption\":\"Marketing\"},\"url\":\"https:\\\/\\\/lasventastour.com\\\/pt-pt\\\/author\\\/admin_6om2e6u0\\\/\"}]}<\/script>\n<!-- \/ Yoast SEO plugin. -->","yoast_head_json":{"title":"Excurs\u00e3o de coloca\u00e7\u00e3o zero em Las Ventas - Las Ventas Tour","description":"Contamos-lhe como muda a perspetiva de um cliente, antes de conhecer o nosso trabalho e ap\u00f3s a visita guiada.","robots":{"index":"index","follow":"follow","max-snippet":"max-snippet:-1","max-image-preview":"max-image-preview:large","max-video-preview":"max-video-preview:-1"},"canonical":"https:\/\/lasventastour.com\/pt-pt\/excursao-de-colocacao-zero-em-las-ventas\/","og_locale":"pt_PT","og_type":"article","og_title":"Excurs\u00e3o de coloca\u00e7\u00e3o zero em Las Ventas - Las Ventas Tour","og_description":"Contamos-lhe como muda a perspetiva de um cliente, antes de conhecer o nosso trabalho e ap\u00f3s a visita guiada.","og_url":"https:\/\/lasventastour.com\/pt-pt\/excursao-de-colocacao-zero-em-las-ventas\/","og_site_name":"Las Ventas Tour","article_published_time":"2023-12-05T15:37:24+00:00","article_modified_time":"2024-09-11T08:42:15+00:00","og_image":[{"width":1024,"height":532,"url":"https:\/\/lasventastour.com\/wp-content\/uploads\/2023\/12\/tendido-cero-1024x532-1.jpg","type":"image\/jpeg"}],"author":"Marketing","twitter_card":"summary_large_image","twitter_misc":{"Escrito por":"Marketing","Tempo estimado de leitura":"1 minuto"},"schema":{"@context":"https:\/\/schema.org","@graph":[{"@type":"Article","@id":"https:\/\/lasventastour.com\/pt-pt\/excursao-de-colocacao-zero-em-las-ventas\/#article","isPartOf":{"@id":"https:\/\/lasventastour.com\/pt-pt\/excursao-de-colocacao-zero-em-las-ventas\/"},"author":{"name":"Marketing","@id":"https:\/\/lasventastour.com\/pt-pt\/#\/schema\/person\/1929dadef5851db38bb10e82da906c66"},"headline":"Excurs\u00e3o de coloca\u00e7\u00e3o zero em Las Ventas","datePublished":"2023-12-05T15:37:24+00:00","dateModified":"2024-09-11T08:42:15+00:00","mainEntityOfPage":{"@id":"https:\/\/lasventastour.com\/pt-pt\/excursao-de-colocacao-zero-em-las-ventas\/"},"wordCount":131,"commentCount":0,"publisher":{"@id":"https:\/\/lasventastour.com\/pt-pt\/#organization"},"image":{"@id":"https:\/\/lasventastour.com\/pt-pt\/excursao-de-colocacao-zero-em-las-ventas\/#primaryimage"},"thumbnailUrl":"https:\/\/lasventastour.com\/wp-content\/uploads\/2023\/12\/tendido-cero-1024x532-1.jpg","articleSection":["Not\u00edcias"],"inLanguage":"pt-PT","potentialAction":[{"@type":"CommentAction","name":"Comment","target":["https:\/\/lasventastour.com\/pt-pt\/excursao-de-colocacao-zero-em-las-ventas\/#respond"]}]},{"@type":"WebPage","@id":"https:\/\/lasventastour.com\/pt-pt\/excursao-de-colocacao-zero-em-las-ventas\/","url":"https:\/\/lasventastour.com\/pt-pt\/excursao-de-colocacao-zero-em-las-ventas\/","name":"Excurs\u00e3o de coloca\u00e7\u00e3o zero em Las Ventas - Las Ventas Tour","isPartOf":{"@id":"https:\/\/lasventastour.com\/pt-pt\/#website"},"primaryImageOfPage":{"@id":"https:\/\/lasventastour.com\/pt-pt\/excursao-de-colocacao-zero-em-las-ventas\/#primaryimage"},"image":{"@id":"https:\/\/lasventastour.com\/pt-pt\/excursao-de-colocacao-zero-em-las-ventas\/#primaryimage"},"thumbnailUrl":"https:\/\/lasventastour.com\/wp-content\/uploads\/2023\/12\/tendido-cero-1024x532-1.jpg","datePublished":"2023-12-05T15:37:24+00:00","dateModified":"2024-09-11T08:42:15+00:00","description":"Contamos-lhe como muda a perspetiva de um cliente, antes de conhecer o nosso trabalho e ap\u00f3s a visita guiada.","breadcrumb":{"@id":"https:\/\/lasventastour.com\/pt-pt\/excursao-de-colocacao-zero-em-las-ventas\/#breadcrumb"},"inLanguage":"pt-PT","potentialAction":[{"@type":"ReadAction","target":["https:\/\/lasventastour.com\/pt-pt\/excursao-de-colocacao-zero-em-las-ventas\/"]}]},{"@type":"ImageObject","inLanguage":"pt-PT","@id":"https:\/\/lasventastour.com\/pt-pt\/excursao-de-colocacao-zero-em-las-ventas\/#primaryimage","url":"https:\/\/lasventastour.com\/wp-content\/uploads\/2023\/12\/tendido-cero-1024x532-1.jpg","contentUrl":"https:\/\/lasventastour.com\/wp-content\/uploads\/2023\/12\/tendido-cero-1024x532-1.jpg","width":1024,"height":532},{"@type":"BreadcrumbList","@id":"https:\/\/lasventastour.com\/pt-pt\/excursao-de-colocacao-zero-em-las-ventas\/#breadcrumb","itemListElement":[{"@type":"ListItem","position":1,"name":"Portada","item":"https:\/\/lasventastour.com\/pt-pt\/"},{"@type":"ListItem","position":2,"name":"Excurs\u00e3o de coloca\u00e7\u00e3o zero em Las Ventas"}]},{"@type":"WebSite","@id":"https:\/\/lasventastour.com\/pt-pt\/#website","url":"https:\/\/lasventastour.com\/pt-pt\/","name":"Las Ventas Tour","description":"Tour Las Ventas | Plaza de Toros de Madrid | Web Oficial","publisher":{"@id":"https:\/\/lasventastour.com\/pt-pt\/#organization"},"alternateName":"Las Ventas Tour","potentialAction":[{"@type":"SearchAction","target":{"@type":"EntryPoint","urlTemplate":"https:\/\/lasventastour.com\/pt-pt\/?s={search_term_string}"},"query-input":{"@type":"PropertyValueSpecification","valueRequired":true,"valueName":"search_term_string"}}],"inLanguage":"pt-PT"},{"@type":"Organization","@id":"https:\/\/lasventastour.com\/pt-pt\/#organization","name":"Las Ventas Tour","alternateName":"Las Ventas Tour","url":"https:\/\/lasventastour.com\/pt-pt\/","logo":{"@type":"ImageObject","inLanguage":"pt-PT","@id":"https:\/\/lasventastour.com\/pt-pt\/#\/schema\/logo\/image\/","url":"https:\/\/lasventastour.com\/wp-content\/uploads\/2024\/09\/cropped-Logo-Las-Ventas-1.webp","contentUrl":"https:\/\/lasventastour.com\/wp-content\/uploads\/2024\/09\/cropped-Logo-Las-Ventas-1.webp","width":512,"height":512,"caption":"Las Ventas Tour"},"image":{"@id":"https:\/\/lasventastour.com\/pt-pt\/#\/schema\/logo\/image\/"},"sameAs":["https:\/\/www.instagram.com\/lasventastour\/"]},{"@type":"Person","@id":"https:\/\/lasventastour.com\/pt-pt\/#\/schema\/person\/1929dadef5851db38bb10e82da906c66","name":"Marketing","image":{"@type":"ImageObject","inLanguage":"pt-PT","@id":"https:\/\/lasventastour.com\/wp-content\/litespeed\/avatar\/784dc806a7d23845afc4e9cc8c15fe87.jpg?ver=1777381323","url":"https:\/\/lasventastour.com\/wp-content\/litespeed\/avatar\/784dc806a7d23845afc4e9cc8c15fe87.jpg?ver=1777381323","contentUrl":"https:\/\/lasventastour.com\/wp-content\/litespeed\/avatar\/784dc806a7d23845afc4e9cc8c15fe87.jpg?ver=1777381323","caption":"Marketing"},"url":"https:\/\/lasventastour.com\/pt-pt\/author\/admin_6om2e6u0\/"}]}},"_links":{"self":[{"href":"https:\/\/lasventastour.com\/pt-pt\/wp-json\/wp\/v2\/posts\/3102","targetHints":{"allow":["GET"]}}],"collection":[{"href":"https:\/\/lasventastour.com\/pt-pt\/wp-json\/wp\/v2\/posts"}],"about":[{"href":"https:\/\/lasventastour.com\/pt-pt\/wp-json\/wp\/v2\/types\/post"}],"author":[{"embeddable":true,"href":"https:\/\/lasventastour.com\/pt-pt\/wp-json\/wp\/v2\/users\/1"}],"replies":[{"embeddable":true,"href":"https:\/\/lasventastour.com\/pt-pt\/wp-json\/wp\/v2\/comments?post=3102"}],"version-history":[{"count":2,"href":"https:\/\/lasventastour.com\/pt-pt\/wp-json\/wp\/v2\/posts\/3102\/revisions"}],"predecessor-version":[{"id":3104,"href":"https:\/\/lasventastour.com\/pt-pt\/wp-json\/wp\/v2\/posts\/3102\/revisions\/3104"}],"wp:featuredmedia":[{"embeddable":true,"href":"https:\/\/lasventastour.com\/pt-pt\/wp-json\/wp\/v2\/media\/1406"}],"wp:attachment":[{"href":"https:\/\/lasventastour.com\/pt-pt\/wp-json\/wp\/v2\/media?parent=3102"}],"wp:term":[{"taxonomy":"category","embeddable":true,"href":"https:\/\/lasventastour.com\/pt-pt\/wp-json\/wp\/v2\/categories?post=3102"},{"taxonomy":"post_tag","embeddable":true,"href":"https:\/\/lasventastour.com\/pt-pt\/wp-json\/wp\/v2\/tags?post=3102"}],"curies":[{"name":"wp","href":"https:\/\/api.w.org\/{rel}","templated":true}]}}