{"id":2662,"date":"2024-08-27T11:52:09","date_gmt":"2024-08-27T11:52:09","guid":{"rendered":"https:\/\/lasventastour.com\/os-terracos\/"},"modified":"2024-09-16T11:31:53","modified_gmt":"2024-09-16T11:31:53","slug":"os-terracos","status":"publish","type":"post","link":"https:\/\/lasventastour.com\/pt-pt\/os-terracos\/","title":{"rendered":"Os terra\u00e7os"},"content":{"rendered":"<section class=\"l-section wpb_row height_medium\"><div class=\"l-section-h i-cf\"><div class=\"g-cols vc_row via_grid cols_1 laptops-cols_inherit tablets-cols_inherit mobiles-cols_1 valign_top type_default stacking_default\"><div class=\"wpb_column vc_column_container\"><div class=\"vc_column-inner\"><div class=\"wpb_text_column\"><div class=\"wpb_wrapper\"><p>Nos lados da Puerta Grande, a pra\u00e7a de touros de Las Ventas tem dois grandes terra\u00e7os em seu primeiro andar. Daqui, pode-se ver a rica decora\u00e7\u00e3o neo-Mud\u00e9jar, obra dos dois arquitetos que participaram da constru\u00e7\u00e3o da pra\u00e7a: Jos\u00e9 Espelius e Manuel Mu\u00f1oz Monasterio. Neste ambiente \u00e9 vis\u00edvel os arcos, polilobulados e motivos cer\u00e2micos em suas sali\u00eancias, t\u00e3o caracter\u00edsticos da arquitetura neomud\u00e9jar, estilo predominante neste edif\u00edcio. Entre os motivos cer\u00e2micos, vale a pena mencionar os azulejos redondos feitos de cer\u00e2mica de Talavera de la Reina em que est\u00e3o representadas as capitais provinciais do mapa pol\u00edtico espanhol do in\u00edcio do s\u00e9culo XX. Os terra\u00e7os s\u00e3o o espa\u00e7o preferido para a dispers\u00e3o do p\u00fablico antes e depois do evento. Permite-lhe desfrutar da atmosfera anterior aproveitando os raios de sol, tomar um lanche e ter conversas sobre as expectativas para o show naquele dia. Dos terra\u00e7os voc\u00ea tamb\u00e9m pode ver a exposi\u00e7\u00e3o escult\u00f3rica com o busto em homenagem ao m\u00e9dico Alexander Fleming, descobridor da penicilina e diante do qual os toureiros se curvam, porque sua inven\u00e7\u00e3o foi um antes e um depois na taxa de morte do mundo touro ap\u00f3s a aplica\u00e7\u00e3o m\u00e9dica deste antibi\u00f3tico. \u00c0 sua esquerda, uma escultura de corpo inteiro do importante toureiro Luis Miguel Domingu\u00edn, conhecido tanto pela sua habilidade na arena como pela sua agitada vida social ao longo dos anos.<\/p>\n<\/div><\/div><\/div><\/div><\/div><\/div><\/section>\n","protected":false},"excerpt":{"rendered":"Nos lados da Puerta Grande, a pra\u00e7a de touros de Las Ventas tem dois grandes terra\u00e7os em seu primeiro andar. Daqui, pode-se ver a rica decora\u00e7\u00e3o neo-Mud\u00e9jar, obra dos dois arquitetos que participaram da constru\u00e7\u00e3o da pra\u00e7a: Jos\u00e9 Espelius e Manuel Mu\u00f1oz Monasterio. Neste ambiente \u00e9 vis\u00edvel os arcos, polilobulados e motivos cer\u00e2micos em suas...","protected":false},"author":1,"featured_media":3529,"comment_status":"open","ping_status":"open","sticky":false,"template":"","format":"standard","meta":{"footnotes":""},"categories":[46],"tags":[],"class_list":["post-2662","post","type-post","status-publish","format-standard","has-post-thumbnail","hentry","category-curiosidades-pt-pt"],"yoast_head":"<!-- This site is optimized with the Yoast SEO plugin v27.5 - https:\/\/yoast.com\/product\/yoast-seo-wordpress\/ -->\n<title>Os terra\u00e7os da pra\u00e7a de touros Las Ventas | Tour de Madrid<\/title>\n<meta name=\"description\" content=\"Descubra os segredos das esplanadas da pra\u00e7a de touros Las Ventas bem como a sua arquitectura e decora\u00e7\u00e3o Visite-nos!\" \/>\n<meta name=\"robots\" content=\"index, follow, max-snippet:-1, max-image-preview:large, max-video-preview:-1\" \/>\n<link rel=\"canonical\" href=\"https:\/\/lasventastour.com\/pt-pt\/os-terracos\/\" \/>\n<meta property=\"og:locale\" content=\"pt_PT\" \/>\n<meta property=\"og:type\" content=\"article\" \/>\n<meta property=\"og:title\" content=\"Os terra\u00e7os da pra\u00e7a de touros Las Ventas | Tour de Madrid\" \/>\n<meta property=\"og:description\" content=\"Descubra os segredos das esplanadas da pra\u00e7a de touros Las Ventas bem como a sua arquitectura e decora\u00e7\u00e3o Visite-nos!\" \/>\n<meta property=\"og:url\" content=\"https:\/\/lasventastour.com\/pt-pt\/os-terracos\/\" \/>\n<meta property=\"og:site_name\" content=\"Las Ventas Tour\" \/>\n<meta property=\"article:published_time\" content=\"2024-08-27T11:52:09+00:00\" \/>\n<meta property=\"article:modified_time\" content=\"2024-09-16T11:31:53+00:00\" \/>\n<meta property=\"og:image\" content=\"https:\/\/lasventastour.com\/wp-content\/uploads\/2024\/08\/Terrazas-plaza-toros.webp\" \/>\n\t<meta property=\"og:image:width\" content=\"1200\" \/>\n\t<meta property=\"og:image:height\" content=\"800\" \/>\n\t<meta property=\"og:image:type\" content=\"image\/webp\" \/>\n<meta name=\"author\" content=\"Marketing\" \/>\n<meta name=\"twitter:card\" content=\"summary_large_image\" \/>\n<meta name=\"twitter:label1\" content=\"Escrito por\" \/>\n\t<meta name=\"twitter:data1\" content=\"Marketing\" \/>\n\t<meta name=\"twitter:label2\" content=\"Tempo estimado de leitura\" \/>\n\t<meta name=\"twitter:data2\" content=\"2 minutos\" \/>\n<script type=\"application\/ld+json\" class=\"yoast-schema-graph\">{\"@context\":\"https:\\\/\\\/schema.org\",\"@graph\":[{\"@type\":\"Article\",\"@id\":\"https:\\\/\\\/lasventastour.com\\\/pt-pt\\\/os-terracos\\\/#article\",\"isPartOf\":{\"@id\":\"https:\\\/\\\/lasventastour.com\\\/pt-pt\\\/os-terracos\\\/\"},\"author\":{\"name\":\"Marketing\",\"@id\":\"https:\\\/\\\/lasventastour.com\\\/pt-pt\\\/#\\\/schema\\\/person\\\/1929dadef5851db38bb10e82da906c66\"},\"headline\":\"Os terra\u00e7os\",\"datePublished\":\"2024-08-27T11:52:09+00:00\",\"dateModified\":\"2024-09-16T11:31:53+00:00\",\"mainEntityOfPage\":{\"@id\":\"https:\\\/\\\/lasventastour.com\\\/pt-pt\\\/os-terracos\\\/\"},\"wordCount\":273,\"commentCount\":0,\"publisher\":{\"@id\":\"https:\\\/\\\/lasventastour.com\\\/pt-pt\\\/#organization\"},\"image\":{\"@id\":\"https:\\\/\\\/lasventastour.com\\\/pt-pt\\\/os-terracos\\\/#primaryimage\"},\"thumbnailUrl\":\"https:\\\/\\\/lasventastour.com\\\/wp-content\\\/uploads\\\/2024\\\/08\\\/Terrazas-plaza-toros.webp\",\"articleSection\":[\"Curiosidades\"],\"inLanguage\":\"pt-PT\",\"potentialAction\":[{\"@type\":\"CommentAction\",\"name\":\"Comment\",\"target\":[\"https:\\\/\\\/lasventastour.com\\\/pt-pt\\\/os-terracos\\\/#respond\"]}]},{\"@type\":\"WebPage\",\"@id\":\"https:\\\/\\\/lasventastour.com\\\/pt-pt\\\/os-terracos\\\/\",\"url\":\"https:\\\/\\\/lasventastour.com\\\/pt-pt\\\/os-terracos\\\/\",\"name\":\"Os terra\u00e7os da pra\u00e7a de touros Las Ventas | Tour de Madrid\",\"isPartOf\":{\"@id\":\"https:\\\/\\\/lasventastour.com\\\/pt-pt\\\/#website\"},\"primaryImageOfPage\":{\"@id\":\"https:\\\/\\\/lasventastour.com\\\/pt-pt\\\/os-terracos\\\/#primaryimage\"},\"image\":{\"@id\":\"https:\\\/\\\/lasventastour.com\\\/pt-pt\\\/os-terracos\\\/#primaryimage\"},\"thumbnailUrl\":\"https:\\\/\\\/lasventastour.com\\\/wp-content\\\/uploads\\\/2024\\\/08\\\/Terrazas-plaza-toros.webp\",\"datePublished\":\"2024-08-27T11:52:09+00:00\",\"dateModified\":\"2024-09-16T11:31:53+00:00\",\"description\":\"Descubra os segredos das esplanadas da pra\u00e7a de touros Las Ventas bem como a sua arquitectura e decora\u00e7\u00e3o Visite-nos!\",\"breadcrumb\":{\"@id\":\"https:\\\/\\\/lasventastour.com\\\/pt-pt\\\/os-terracos\\\/#breadcrumb\"},\"inLanguage\":\"pt-PT\",\"potentialAction\":[{\"@type\":\"ReadAction\",\"target\":[\"https:\\\/\\\/lasventastour.com\\\/pt-pt\\\/os-terracos\\\/\"]}]},{\"@type\":\"ImageObject\",\"inLanguage\":\"pt-PT\",\"@id\":\"https:\\\/\\\/lasventastour.com\\\/pt-pt\\\/os-terracos\\\/#primaryimage\",\"url\":\"https:\\\/\\\/lasventastour.com\\\/wp-content\\\/uploads\\\/2024\\\/08\\\/Terrazas-plaza-toros.webp\",\"contentUrl\":\"https:\\\/\\\/lasventastour.com\\\/wp-content\\\/uploads\\\/2024\\\/08\\\/Terrazas-plaza-toros.webp\",\"width\":1200,\"height\":800},{\"@type\":\"BreadcrumbList\",\"@id\":\"https:\\\/\\\/lasventastour.com\\\/pt-pt\\\/os-terracos\\\/#breadcrumb\",\"itemListElement\":[{\"@type\":\"ListItem\",\"position\":1,\"name\":\"Portada\",\"item\":\"https:\\\/\\\/lasventastour.com\\\/pt-pt\\\/\"},{\"@type\":\"ListItem\",\"position\":2,\"name\":\"Os terra\u00e7os\"}]},{\"@type\":\"WebSite\",\"@id\":\"https:\\\/\\\/lasventastour.com\\\/pt-pt\\\/#website\",\"url\":\"https:\\\/\\\/lasventastour.com\\\/pt-pt\\\/\",\"name\":\"Las Ventas Tour\",\"description\":\"Tour Las Ventas | Plaza de Toros de Madrid | Web Oficial\",\"publisher\":{\"@id\":\"https:\\\/\\\/lasventastour.com\\\/pt-pt\\\/#organization\"},\"alternateName\":\"Las Ventas Tour\",\"potentialAction\":[{\"@type\":\"SearchAction\",\"target\":{\"@type\":\"EntryPoint\",\"urlTemplate\":\"https:\\\/\\\/lasventastour.com\\\/pt-pt\\\/?s={search_term_string}\"},\"query-input\":{\"@type\":\"PropertyValueSpecification\",\"valueRequired\":true,\"valueName\":\"search_term_string\"}}],\"inLanguage\":\"pt-PT\"},{\"@type\":\"Organization\",\"@id\":\"https:\\\/\\\/lasventastour.com\\\/pt-pt\\\/#organization\",\"name\":\"Las Ventas Tour\",\"alternateName\":\"Las Ventas Tour\",\"url\":\"https:\\\/\\\/lasventastour.com\\\/pt-pt\\\/\",\"logo\":{\"@type\":\"ImageObject\",\"inLanguage\":\"pt-PT\",\"@id\":\"https:\\\/\\\/lasventastour.com\\\/pt-pt\\\/#\\\/schema\\\/logo\\\/image\\\/\",\"url\":\"https:\\\/\\\/lasventastour.com\\\/wp-content\\\/uploads\\\/2024\\\/09\\\/cropped-Logo-Las-Ventas-1.webp\",\"contentUrl\":\"https:\\\/\\\/lasventastour.com\\\/wp-content\\\/uploads\\\/2024\\\/09\\\/cropped-Logo-Las-Ventas-1.webp\",\"width\":512,\"height\":512,\"caption\":\"Las Ventas Tour\"},\"image\":{\"@id\":\"https:\\\/\\\/lasventastour.com\\\/pt-pt\\\/#\\\/schema\\\/logo\\\/image\\\/\"},\"sameAs\":[\"https:\\\/\\\/www.instagram.com\\\/lasventastour\\\/\"]},{\"@type\":\"Person\",\"@id\":\"https:\\\/\\\/lasventastour.com\\\/pt-pt\\\/#\\\/schema\\\/person\\\/1929dadef5851db38bb10e82da906c66\",\"name\":\"Marketing\",\"image\":{\"@type\":\"ImageObject\",\"inLanguage\":\"pt-PT\",\"@id\":\"https:\\\/\\\/lasventastour.com\\\/wp-content\\\/litespeed\\\/avatar\\\/784dc806a7d23845afc4e9cc8c15fe87.jpg?ver=1777381323\",\"url\":\"https:\\\/\\\/lasventastour.com\\\/wp-content\\\/litespeed\\\/avatar\\\/784dc806a7d23845afc4e9cc8c15fe87.jpg?ver=1777381323\",\"contentUrl\":\"https:\\\/\\\/lasventastour.com\\\/wp-content\\\/litespeed\\\/avatar\\\/784dc806a7d23845afc4e9cc8c15fe87.jpg?ver=1777381323\",\"caption\":\"Marketing\"},\"url\":\"https:\\\/\\\/lasventastour.com\\\/pt-pt\\\/author\\\/admin_6om2e6u0\\\/\"}]}<\/script>\n<!-- \/ Yoast SEO plugin. -->","yoast_head_json":{"title":"Os terra\u00e7os da pra\u00e7a de touros Las Ventas | Tour de Madrid","description":"Descubra os segredos das esplanadas da pra\u00e7a de touros Las Ventas bem como a sua arquitectura e decora\u00e7\u00e3o Visite-nos!","robots":{"index":"index","follow":"follow","max-snippet":"max-snippet:-1","max-image-preview":"max-image-preview:large","max-video-preview":"max-video-preview:-1"},"canonical":"https:\/\/lasventastour.com\/pt-pt\/os-terracos\/","og_locale":"pt_PT","og_type":"article","og_title":"Os terra\u00e7os da pra\u00e7a de touros Las Ventas | Tour de Madrid","og_description":"Descubra os segredos das esplanadas da pra\u00e7a de touros Las Ventas bem como a sua arquitectura e decora\u00e7\u00e3o Visite-nos!","og_url":"https:\/\/lasventastour.com\/pt-pt\/os-terracos\/","og_site_name":"Las Ventas Tour","article_published_time":"2024-08-27T11:52:09+00:00","article_modified_time":"2024-09-16T11:31:53+00:00","og_image":[{"width":1200,"height":800,"url":"https:\/\/lasventastour.com\/wp-content\/uploads\/2024\/08\/Terrazas-plaza-toros.webp","type":"image\/webp"}],"author":"Marketing","twitter_card":"summary_large_image","twitter_misc":{"Escrito por":"Marketing","Tempo estimado de leitura":"2 minutos"},"schema":{"@context":"https:\/\/schema.org","@graph":[{"@type":"Article","@id":"https:\/\/lasventastour.com\/pt-pt\/os-terracos\/#article","isPartOf":{"@id":"https:\/\/lasventastour.com\/pt-pt\/os-terracos\/"},"author":{"name":"Marketing","@id":"https:\/\/lasventastour.com\/pt-pt\/#\/schema\/person\/1929dadef5851db38bb10e82da906c66"},"headline":"Os terra\u00e7os","datePublished":"2024-08-27T11:52:09+00:00","dateModified":"2024-09-16T11:31:53+00:00","mainEntityOfPage":{"@id":"https:\/\/lasventastour.com\/pt-pt\/os-terracos\/"},"wordCount":273,"commentCount":0,"publisher":{"@id":"https:\/\/lasventastour.com\/pt-pt\/#organization"},"image":{"@id":"https:\/\/lasventastour.com\/pt-pt\/os-terracos\/#primaryimage"},"thumbnailUrl":"https:\/\/lasventastour.com\/wp-content\/uploads\/2024\/08\/Terrazas-plaza-toros.webp","articleSection":["Curiosidades"],"inLanguage":"pt-PT","potentialAction":[{"@type":"CommentAction","name":"Comment","target":["https:\/\/lasventastour.com\/pt-pt\/os-terracos\/#respond"]}]},{"@type":"WebPage","@id":"https:\/\/lasventastour.com\/pt-pt\/os-terracos\/","url":"https:\/\/lasventastour.com\/pt-pt\/os-terracos\/","name":"Os terra\u00e7os da pra\u00e7a de touros Las Ventas | Tour de Madrid","isPartOf":{"@id":"https:\/\/lasventastour.com\/pt-pt\/#website"},"primaryImageOfPage":{"@id":"https:\/\/lasventastour.com\/pt-pt\/os-terracos\/#primaryimage"},"image":{"@id":"https:\/\/lasventastour.com\/pt-pt\/os-terracos\/#primaryimage"},"thumbnailUrl":"https:\/\/lasventastour.com\/wp-content\/uploads\/2024\/08\/Terrazas-plaza-toros.webp","datePublished":"2024-08-27T11:52:09+00:00","dateModified":"2024-09-16T11:31:53+00:00","description":"Descubra os segredos das esplanadas da pra\u00e7a de touros Las Ventas bem como a sua arquitectura e decora\u00e7\u00e3o Visite-nos!","breadcrumb":{"@id":"https:\/\/lasventastour.com\/pt-pt\/os-terracos\/#breadcrumb"},"inLanguage":"pt-PT","potentialAction":[{"@type":"ReadAction","target":["https:\/\/lasventastour.com\/pt-pt\/os-terracos\/"]}]},{"@type":"ImageObject","inLanguage":"pt-PT","@id":"https:\/\/lasventastour.com\/pt-pt\/os-terracos\/#primaryimage","url":"https:\/\/lasventastour.com\/wp-content\/uploads\/2024\/08\/Terrazas-plaza-toros.webp","contentUrl":"https:\/\/lasventastour.com\/wp-content\/uploads\/2024\/08\/Terrazas-plaza-toros.webp","width":1200,"height":800},{"@type":"BreadcrumbList","@id":"https:\/\/lasventastour.com\/pt-pt\/os-terracos\/#breadcrumb","itemListElement":[{"@type":"ListItem","position":1,"name":"Portada","item":"https:\/\/lasventastour.com\/pt-pt\/"},{"@type":"ListItem","position":2,"name":"Os terra\u00e7os"}]},{"@type":"WebSite","@id":"https:\/\/lasventastour.com\/pt-pt\/#website","url":"https:\/\/lasventastour.com\/pt-pt\/","name":"Las Ventas Tour","description":"Tour Las Ventas | Plaza de Toros de Madrid | Web Oficial","publisher":{"@id":"https:\/\/lasventastour.com\/pt-pt\/#organization"},"alternateName":"Las Ventas Tour","potentialAction":[{"@type":"SearchAction","target":{"@type":"EntryPoint","urlTemplate":"https:\/\/lasventastour.com\/pt-pt\/?s={search_term_string}"},"query-input":{"@type":"PropertyValueSpecification","valueRequired":true,"valueName":"search_term_string"}}],"inLanguage":"pt-PT"},{"@type":"Organization","@id":"https:\/\/lasventastour.com\/pt-pt\/#organization","name":"Las Ventas Tour","alternateName":"Las Ventas Tour","url":"https:\/\/lasventastour.com\/pt-pt\/","logo":{"@type":"ImageObject","inLanguage":"pt-PT","@id":"https:\/\/lasventastour.com\/pt-pt\/#\/schema\/logo\/image\/","url":"https:\/\/lasventastour.com\/wp-content\/uploads\/2024\/09\/cropped-Logo-Las-Ventas-1.webp","contentUrl":"https:\/\/lasventastour.com\/wp-content\/uploads\/2024\/09\/cropped-Logo-Las-Ventas-1.webp","width":512,"height":512,"caption":"Las Ventas Tour"},"image":{"@id":"https:\/\/lasventastour.com\/pt-pt\/#\/schema\/logo\/image\/"},"sameAs":["https:\/\/www.instagram.com\/lasventastour\/"]},{"@type":"Person","@id":"https:\/\/lasventastour.com\/pt-pt\/#\/schema\/person\/1929dadef5851db38bb10e82da906c66","name":"Marketing","image":{"@type":"ImageObject","inLanguage":"pt-PT","@id":"https:\/\/lasventastour.com\/wp-content\/litespeed\/avatar\/784dc806a7d23845afc4e9cc8c15fe87.jpg?ver=1777381323","url":"https:\/\/lasventastour.com\/wp-content\/litespeed\/avatar\/784dc806a7d23845afc4e9cc8c15fe87.jpg?ver=1777381323","contentUrl":"https:\/\/lasventastour.com\/wp-content\/litespeed\/avatar\/784dc806a7d23845afc4e9cc8c15fe87.jpg?ver=1777381323","caption":"Marketing"},"url":"https:\/\/lasventastour.com\/pt-pt\/author\/admin_6om2e6u0\/"}]}},"_links":{"self":[{"href":"https:\/\/lasventastour.com\/pt-pt\/wp-json\/wp\/v2\/posts\/2662","targetHints":{"allow":["GET"]}}],"collection":[{"href":"https:\/\/lasventastour.com\/pt-pt\/wp-json\/wp\/v2\/posts"}],"about":[{"href":"https:\/\/lasventastour.com\/pt-pt\/wp-json\/wp\/v2\/types\/post"}],"author":[{"embeddable":true,"href":"https:\/\/lasventastour.com\/pt-pt\/wp-json\/wp\/v2\/users\/1"}],"replies":[{"embeddable":true,"href":"https:\/\/lasventastour.com\/pt-pt\/wp-json\/wp\/v2\/comments?post=2662"}],"version-history":[{"count":2,"href":"https:\/\/lasventastour.com\/pt-pt\/wp-json\/wp\/v2\/posts\/2662\/revisions"}],"predecessor-version":[{"id":2664,"href":"https:\/\/lasventastour.com\/pt-pt\/wp-json\/wp\/v2\/posts\/2662\/revisions\/2664"}],"wp:featuredmedia":[{"embeddable":true,"href":"https:\/\/lasventastour.com\/pt-pt\/wp-json\/wp\/v2\/media\/3529"}],"wp:attachment":[{"href":"https:\/\/lasventastour.com\/pt-pt\/wp-json\/wp\/v2\/media?parent=2662"}],"wp:term":[{"taxonomy":"category","embeddable":true,"href":"https:\/\/lasventastour.com\/pt-pt\/wp-json\/wp\/v2\/categories?post=2662"},{"taxonomy":"post_tag","embeddable":true,"href":"https:\/\/lasventastour.com\/pt-pt\/wp-json\/wp\/v2\/tags?post=2662"}],"curies":[{"name":"wp","href":"https:\/\/api.w.org\/{rel}","templated":true}]}}