{"id":2600,"date":"2024-08-27T11:52:25","date_gmt":"2024-08-27T11:52:25","guid":{"rendered":"https:\/\/lasventastour.com\/tendidos\/"},"modified":"2024-09-16T11:38:50","modified_gmt":"2024-09-16T11:38:50","slug":"tendidos","status":"publish","type":"post","link":"https:\/\/lasventastour.com\/pt-pt\/tendidos\/","title":{"rendered":"Tendidos"},"content":{"rendered":"<section class=\"l-section wpb_row height_medium\"><div class=\"l-section-h i-cf\"><div class=\"g-cols vc_row via_grid cols_1 laptops-cols_inherit tablets-cols_inherit mobiles-cols_1 valign_top type_default stacking_default\"><div class=\"wpb_column vc_column_container\"><div class=\"vc_column-inner\"><div class=\"wpb_text_column\"><div class=\"wpb_wrapper\"><p>A vista panor\u00e2mica da maior pra\u00e7a de touros da Espanha (e a terceira maior do mundo depois da Monumental da Cidade do M\u00e9xico e da Monumental de Val\u00eancia na Venezuela) \u00e9 um dos pontos mais surpreendentes da visita. Em Madrid, o espa\u00e7o destinado ao p\u00fablico \u00e9 dividido em quatro n\u00edveis: de baixo, de cima, de degraus e andanadas. Al\u00e9m disso, \u00e9 dividido em 10 setores de forma radial ao anel, sendo os setores 9, 10, 1, 2 os da sombra; 4, 5, 6, 7 os tendidos do sol e os 3 e 8 os tendidos do sol e da sombra. O pre\u00e7o das entradas depende da localiza\u00e7\u00e3o: mais barato ao sol, mais caro na sombra, mais barato quanto mais longe da arena e mais caro quanto mais perto. No n\u00edvel da arquibancada destaca-se, por seu encolhimento e rica arquitetura neomud\u00e9jar, o Palco Real, o espa\u00e7o reservado \u00e0s autoridades reais quando eles v\u00eam para a corrida de touros da Benefic\u00eancia, realizada no \u00e2mbito da famosa Feira de San Isidro (meses de maio-junho) e onde a presen\u00e7a de um membro ou representante da Fam\u00edlia Real \u00e9 protocolar. O Palco Real \u00e9 obra do segundo arquiteto da pra\u00e7a de touros de Las Ventas, Manuel Mu\u00f1oz Monasterio, que interveio tamb\u00e9m em boa parte do programa decorativo da pra\u00e7a, o Palco Real e a capela. \u00c0 esquerda do Palco Real podemos observar o Palco Presidencial, reservado para o Presidente da tourada, m\u00e1xima autoridade em uma festa e nexo entre o rito taurino e o quadro legal que regula exaustivamente todo o processo de luta. A presid\u00eancia, em Madrid, \u00e9 detida por um comiss\u00e1rio da Pol\u00edcia Nacional. Ele, como voz do p\u00fablico, dar\u00e1 os trof\u00e9us aos destro e ao touro. \u00c9 precisamente aqui, nos tendidos, que se sente a for\u00e7a e a alegria do passatempo. \u00c9 aqui que se vive, em companhia, aqueles momentos emocionantes que fazem da tourada um espet\u00e1culo \u00fanico.<\/p>\n<\/div><\/div><\/div><\/div><\/div><\/div><\/section>\n","protected":false},"excerpt":{"rendered":"A vista panor\u00e2mica da maior pra\u00e7a de touros da Espanha (e a terceira maior do mundo depois da Monumental da Cidade do M\u00e9xico e da Monumental de Val\u00eancia na Venezuela) \u00e9 um dos pontos mais surpreendentes da visita. Em Madrid, o espa\u00e7o destinado ao p\u00fablico \u00e9 dividido em quatro n\u00edveis: de baixo, de cima, de...","protected":false},"author":1,"featured_media":1617,"comment_status":"open","ping_status":"open","sticky":false,"template":"","format":"standard","meta":{"footnotes":""},"categories":[46],"tags":[],"class_list":["post-2600","post","type-post","status-publish","format-standard","has-post-thumbnail","hentry","category-curiosidades-pt-pt"],"yoast_head":"<!-- This site is optimized with the Yoast SEO plugin v27.5 - https:\/\/yoast.com\/product\/yoast-seo-wordpress\/ -->\n<title>Coloca\u00e7\u00e3o e Caixa Real | Pra\u00e7a de touros de Madrid<\/title>\n<meta name=\"description\" content=\"Descubra como s\u00e3o as bancadas e o camarote real da pra\u00e7a de touros de Madrid. Descubra a sua arquitetura e design Visite-nos!\" \/>\n<meta name=\"robots\" content=\"index, follow, max-snippet:-1, max-image-preview:large, max-video-preview:-1\" \/>\n<link rel=\"canonical\" href=\"https:\/\/lasventastour.com\/pt-pt\/tendidos\/\" \/>\n<meta property=\"og:locale\" content=\"pt_PT\" \/>\n<meta property=\"og:type\" content=\"article\" \/>\n<meta property=\"og:title\" content=\"Coloca\u00e7\u00e3o e Caixa Real | Pra\u00e7a de touros de Madrid\" \/>\n<meta property=\"og:description\" content=\"Descubra como s\u00e3o as bancadas e o camarote real da pra\u00e7a de touros de Madrid. Descubra a sua arquitetura e design Visite-nos!\" \/>\n<meta property=\"og:url\" content=\"https:\/\/lasventastour.com\/pt-pt\/tendidos\/\" \/>\n<meta property=\"og:site_name\" content=\"Las Ventas Tour\" \/>\n<meta property=\"article:published_time\" content=\"2024-08-27T11:52:25+00:00\" \/>\n<meta property=\"article:modified_time\" content=\"2024-09-16T11:38:50+00:00\" \/>\n<meta property=\"og:image\" content=\"https:\/\/lasventastour.com\/wp-content\/uploads\/2023\/12\/los-tendidos-y-el-palco-real.webp\" \/>\n\t<meta property=\"og:image:width\" content=\"750\" \/>\n\t<meta property=\"og:image:height\" content=\"535\" \/>\n\t<meta property=\"og:image:type\" content=\"image\/webp\" \/>\n<meta name=\"author\" content=\"Marketing\" \/>\n<meta name=\"twitter:card\" content=\"summary_large_image\" \/>\n<meta name=\"twitter:label1\" content=\"Escrito por\" \/>\n\t<meta name=\"twitter:data1\" content=\"Marketing\" \/>\n\t<meta name=\"twitter:label2\" content=\"Tempo estimado de leitura\" \/>\n\t<meta name=\"twitter:data2\" content=\"2 minutos\" \/>\n<script type=\"application\/ld+json\" class=\"yoast-schema-graph\">{\"@context\":\"https:\\\/\\\/schema.org\",\"@graph\":[{\"@type\":\"Article\",\"@id\":\"https:\\\/\\\/lasventastour.com\\\/pt-pt\\\/tendidos\\\/#article\",\"isPartOf\":{\"@id\":\"https:\\\/\\\/lasventastour.com\\\/pt-pt\\\/tendidos\\\/\"},\"author\":{\"name\":\"Marketing\",\"@id\":\"https:\\\/\\\/lasventastour.com\\\/pt-pt\\\/#\\\/schema\\\/person\\\/1929dadef5851db38bb10e82da906c66\"},\"headline\":\"Tendidos\",\"datePublished\":\"2024-08-27T11:52:25+00:00\",\"dateModified\":\"2024-09-16T11:38:50+00:00\",\"mainEntityOfPage\":{\"@id\":\"https:\\\/\\\/lasventastour.com\\\/pt-pt\\\/tendidos\\\/\"},\"wordCount\":342,\"commentCount\":0,\"publisher\":{\"@id\":\"https:\\\/\\\/lasventastour.com\\\/pt-pt\\\/#organization\"},\"image\":{\"@id\":\"https:\\\/\\\/lasventastour.com\\\/pt-pt\\\/tendidos\\\/#primaryimage\"},\"thumbnailUrl\":\"https:\\\/\\\/lasventastour.com\\\/wp-content\\\/uploads\\\/2023\\\/12\\\/los-tendidos-y-el-palco-real.webp\",\"articleSection\":[\"Curiosidades\"],\"inLanguage\":\"pt-PT\",\"potentialAction\":[{\"@type\":\"CommentAction\",\"name\":\"Comment\",\"target\":[\"https:\\\/\\\/lasventastour.com\\\/pt-pt\\\/tendidos\\\/#respond\"]}]},{\"@type\":\"WebPage\",\"@id\":\"https:\\\/\\\/lasventastour.com\\\/pt-pt\\\/tendidos\\\/\",\"url\":\"https:\\\/\\\/lasventastour.com\\\/pt-pt\\\/tendidos\\\/\",\"name\":\"Coloca\u00e7\u00e3o e Caixa Real | Pra\u00e7a de touros de Madrid\",\"isPartOf\":{\"@id\":\"https:\\\/\\\/lasventastour.com\\\/pt-pt\\\/#website\"},\"primaryImageOfPage\":{\"@id\":\"https:\\\/\\\/lasventastour.com\\\/pt-pt\\\/tendidos\\\/#primaryimage\"},\"image\":{\"@id\":\"https:\\\/\\\/lasventastour.com\\\/pt-pt\\\/tendidos\\\/#primaryimage\"},\"thumbnailUrl\":\"https:\\\/\\\/lasventastour.com\\\/wp-content\\\/uploads\\\/2023\\\/12\\\/los-tendidos-y-el-palco-real.webp\",\"datePublished\":\"2024-08-27T11:52:25+00:00\",\"dateModified\":\"2024-09-16T11:38:50+00:00\",\"description\":\"Descubra como s\u00e3o as bancadas e o camarote real da pra\u00e7a de touros de Madrid. Descubra a sua arquitetura e design Visite-nos!\",\"breadcrumb\":{\"@id\":\"https:\\\/\\\/lasventastour.com\\\/pt-pt\\\/tendidos\\\/#breadcrumb\"},\"inLanguage\":\"pt-PT\",\"potentialAction\":[{\"@type\":\"ReadAction\",\"target\":[\"https:\\\/\\\/lasventastour.com\\\/pt-pt\\\/tendidos\\\/\"]}]},{\"@type\":\"ImageObject\",\"inLanguage\":\"pt-PT\",\"@id\":\"https:\\\/\\\/lasventastour.com\\\/pt-pt\\\/tendidos\\\/#primaryimage\",\"url\":\"https:\\\/\\\/lasventastour.com\\\/wp-content\\\/uploads\\\/2023\\\/12\\\/los-tendidos-y-el-palco-real.webp\",\"contentUrl\":\"https:\\\/\\\/lasventastour.com\\\/wp-content\\\/uploads\\\/2023\\\/12\\\/los-tendidos-y-el-palco-real.webp\",\"width\":750,\"height\":535,\"caption\":\"porta de arrasto las ventas\"},{\"@type\":\"BreadcrumbList\",\"@id\":\"https:\\\/\\\/lasventastour.com\\\/pt-pt\\\/tendidos\\\/#breadcrumb\",\"itemListElement\":[{\"@type\":\"ListItem\",\"position\":1,\"name\":\"Portada\",\"item\":\"https:\\\/\\\/lasventastour.com\\\/pt-pt\\\/\"},{\"@type\":\"ListItem\",\"position\":2,\"name\":\"Tendidos\"}]},{\"@type\":\"WebSite\",\"@id\":\"https:\\\/\\\/lasventastour.com\\\/pt-pt\\\/#website\",\"url\":\"https:\\\/\\\/lasventastour.com\\\/pt-pt\\\/\",\"name\":\"Las Ventas Tour\",\"description\":\"Tour Las Ventas | Plaza de Toros de Madrid | Web Oficial\",\"publisher\":{\"@id\":\"https:\\\/\\\/lasventastour.com\\\/pt-pt\\\/#organization\"},\"alternateName\":\"Las Ventas Tour\",\"potentialAction\":[{\"@type\":\"SearchAction\",\"target\":{\"@type\":\"EntryPoint\",\"urlTemplate\":\"https:\\\/\\\/lasventastour.com\\\/pt-pt\\\/?s={search_term_string}\"},\"query-input\":{\"@type\":\"PropertyValueSpecification\",\"valueRequired\":true,\"valueName\":\"search_term_string\"}}],\"inLanguage\":\"pt-PT\"},{\"@type\":\"Organization\",\"@id\":\"https:\\\/\\\/lasventastour.com\\\/pt-pt\\\/#organization\",\"name\":\"Las Ventas Tour\",\"alternateName\":\"Las Ventas Tour\",\"url\":\"https:\\\/\\\/lasventastour.com\\\/pt-pt\\\/\",\"logo\":{\"@type\":\"ImageObject\",\"inLanguage\":\"pt-PT\",\"@id\":\"https:\\\/\\\/lasventastour.com\\\/pt-pt\\\/#\\\/schema\\\/logo\\\/image\\\/\",\"url\":\"https:\\\/\\\/lasventastour.com\\\/wp-content\\\/uploads\\\/2024\\\/09\\\/cropped-Logo-Las-Ventas-1.webp\",\"contentUrl\":\"https:\\\/\\\/lasventastour.com\\\/wp-content\\\/uploads\\\/2024\\\/09\\\/cropped-Logo-Las-Ventas-1.webp\",\"width\":512,\"height\":512,\"caption\":\"Las Ventas Tour\"},\"image\":{\"@id\":\"https:\\\/\\\/lasventastour.com\\\/pt-pt\\\/#\\\/schema\\\/logo\\\/image\\\/\"},\"sameAs\":[\"https:\\\/\\\/www.instagram.com\\\/lasventastour\\\/\"]},{\"@type\":\"Person\",\"@id\":\"https:\\\/\\\/lasventastour.com\\\/pt-pt\\\/#\\\/schema\\\/person\\\/1929dadef5851db38bb10e82da906c66\",\"name\":\"Marketing\",\"image\":{\"@type\":\"ImageObject\",\"inLanguage\":\"pt-PT\",\"@id\":\"https:\\\/\\\/lasventastour.com\\\/wp-content\\\/litespeed\\\/avatar\\\/784dc806a7d23845afc4e9cc8c15fe87.jpg?ver=1777381323\",\"url\":\"https:\\\/\\\/lasventastour.com\\\/wp-content\\\/litespeed\\\/avatar\\\/784dc806a7d23845afc4e9cc8c15fe87.jpg?ver=1777381323\",\"contentUrl\":\"https:\\\/\\\/lasventastour.com\\\/wp-content\\\/litespeed\\\/avatar\\\/784dc806a7d23845afc4e9cc8c15fe87.jpg?ver=1777381323\",\"caption\":\"Marketing\"},\"url\":\"https:\\\/\\\/lasventastour.com\\\/pt-pt\\\/author\\\/admin_6om2e6u0\\\/\"}]}<\/script>\n<!-- \/ Yoast SEO plugin. -->","yoast_head_json":{"title":"Coloca\u00e7\u00e3o e Caixa Real | Pra\u00e7a de touros de Madrid","description":"Descubra como s\u00e3o as bancadas e o camarote real da pra\u00e7a de touros de Madrid. Descubra a sua arquitetura e design Visite-nos!","robots":{"index":"index","follow":"follow","max-snippet":"max-snippet:-1","max-image-preview":"max-image-preview:large","max-video-preview":"max-video-preview:-1"},"canonical":"https:\/\/lasventastour.com\/pt-pt\/tendidos\/","og_locale":"pt_PT","og_type":"article","og_title":"Coloca\u00e7\u00e3o e Caixa Real | Pra\u00e7a de touros de Madrid","og_description":"Descubra como s\u00e3o as bancadas e o camarote real da pra\u00e7a de touros de Madrid. Descubra a sua arquitetura e design Visite-nos!","og_url":"https:\/\/lasventastour.com\/pt-pt\/tendidos\/","og_site_name":"Las Ventas Tour","article_published_time":"2024-08-27T11:52:25+00:00","article_modified_time":"2024-09-16T11:38:50+00:00","og_image":[{"width":750,"height":535,"url":"https:\/\/lasventastour.com\/wp-content\/uploads\/2023\/12\/los-tendidos-y-el-palco-real.webp","type":"image\/webp"}],"author":"Marketing","twitter_card":"summary_large_image","twitter_misc":{"Escrito por":"Marketing","Tempo estimado de leitura":"2 minutos"},"schema":{"@context":"https:\/\/schema.org","@graph":[{"@type":"Article","@id":"https:\/\/lasventastour.com\/pt-pt\/tendidos\/#article","isPartOf":{"@id":"https:\/\/lasventastour.com\/pt-pt\/tendidos\/"},"author":{"name":"Marketing","@id":"https:\/\/lasventastour.com\/pt-pt\/#\/schema\/person\/1929dadef5851db38bb10e82da906c66"},"headline":"Tendidos","datePublished":"2024-08-27T11:52:25+00:00","dateModified":"2024-09-16T11:38:50+00:00","mainEntityOfPage":{"@id":"https:\/\/lasventastour.com\/pt-pt\/tendidos\/"},"wordCount":342,"commentCount":0,"publisher":{"@id":"https:\/\/lasventastour.com\/pt-pt\/#organization"},"image":{"@id":"https:\/\/lasventastour.com\/pt-pt\/tendidos\/#primaryimage"},"thumbnailUrl":"https:\/\/lasventastour.com\/wp-content\/uploads\/2023\/12\/los-tendidos-y-el-palco-real.webp","articleSection":["Curiosidades"],"inLanguage":"pt-PT","potentialAction":[{"@type":"CommentAction","name":"Comment","target":["https:\/\/lasventastour.com\/pt-pt\/tendidos\/#respond"]}]},{"@type":"WebPage","@id":"https:\/\/lasventastour.com\/pt-pt\/tendidos\/","url":"https:\/\/lasventastour.com\/pt-pt\/tendidos\/","name":"Coloca\u00e7\u00e3o e Caixa Real | Pra\u00e7a de touros de Madrid","isPartOf":{"@id":"https:\/\/lasventastour.com\/pt-pt\/#website"},"primaryImageOfPage":{"@id":"https:\/\/lasventastour.com\/pt-pt\/tendidos\/#primaryimage"},"image":{"@id":"https:\/\/lasventastour.com\/pt-pt\/tendidos\/#primaryimage"},"thumbnailUrl":"https:\/\/lasventastour.com\/wp-content\/uploads\/2023\/12\/los-tendidos-y-el-palco-real.webp","datePublished":"2024-08-27T11:52:25+00:00","dateModified":"2024-09-16T11:38:50+00:00","description":"Descubra como s\u00e3o as bancadas e o camarote real da pra\u00e7a de touros de Madrid. Descubra a sua arquitetura e design Visite-nos!","breadcrumb":{"@id":"https:\/\/lasventastour.com\/pt-pt\/tendidos\/#breadcrumb"},"inLanguage":"pt-PT","potentialAction":[{"@type":"ReadAction","target":["https:\/\/lasventastour.com\/pt-pt\/tendidos\/"]}]},{"@type":"ImageObject","inLanguage":"pt-PT","@id":"https:\/\/lasventastour.com\/pt-pt\/tendidos\/#primaryimage","url":"https:\/\/lasventastour.com\/wp-content\/uploads\/2023\/12\/los-tendidos-y-el-palco-real.webp","contentUrl":"https:\/\/lasventastour.com\/wp-content\/uploads\/2023\/12\/los-tendidos-y-el-palco-real.webp","width":750,"height":535,"caption":"porta de arrasto las ventas"},{"@type":"BreadcrumbList","@id":"https:\/\/lasventastour.com\/pt-pt\/tendidos\/#breadcrumb","itemListElement":[{"@type":"ListItem","position":1,"name":"Portada","item":"https:\/\/lasventastour.com\/pt-pt\/"},{"@type":"ListItem","position":2,"name":"Tendidos"}]},{"@type":"WebSite","@id":"https:\/\/lasventastour.com\/pt-pt\/#website","url":"https:\/\/lasventastour.com\/pt-pt\/","name":"Las Ventas Tour","description":"Tour Las Ventas | Plaza de Toros de Madrid | Web Oficial","publisher":{"@id":"https:\/\/lasventastour.com\/pt-pt\/#organization"},"alternateName":"Las Ventas Tour","potentialAction":[{"@type":"SearchAction","target":{"@type":"EntryPoint","urlTemplate":"https:\/\/lasventastour.com\/pt-pt\/?s={search_term_string}"},"query-input":{"@type":"PropertyValueSpecification","valueRequired":true,"valueName":"search_term_string"}}],"inLanguage":"pt-PT"},{"@type":"Organization","@id":"https:\/\/lasventastour.com\/pt-pt\/#organization","name":"Las Ventas Tour","alternateName":"Las Ventas Tour","url":"https:\/\/lasventastour.com\/pt-pt\/","logo":{"@type":"ImageObject","inLanguage":"pt-PT","@id":"https:\/\/lasventastour.com\/pt-pt\/#\/schema\/logo\/image\/","url":"https:\/\/lasventastour.com\/wp-content\/uploads\/2024\/09\/cropped-Logo-Las-Ventas-1.webp","contentUrl":"https:\/\/lasventastour.com\/wp-content\/uploads\/2024\/09\/cropped-Logo-Las-Ventas-1.webp","width":512,"height":512,"caption":"Las Ventas Tour"},"image":{"@id":"https:\/\/lasventastour.com\/pt-pt\/#\/schema\/logo\/image\/"},"sameAs":["https:\/\/www.instagram.com\/lasventastour\/"]},{"@type":"Person","@id":"https:\/\/lasventastour.com\/pt-pt\/#\/schema\/person\/1929dadef5851db38bb10e82da906c66","name":"Marketing","image":{"@type":"ImageObject","inLanguage":"pt-PT","@id":"https:\/\/lasventastour.com\/wp-content\/litespeed\/avatar\/784dc806a7d23845afc4e9cc8c15fe87.jpg?ver=1777381323","url":"https:\/\/lasventastour.com\/wp-content\/litespeed\/avatar\/784dc806a7d23845afc4e9cc8c15fe87.jpg?ver=1777381323","contentUrl":"https:\/\/lasventastour.com\/wp-content\/litespeed\/avatar\/784dc806a7d23845afc4e9cc8c15fe87.jpg?ver=1777381323","caption":"Marketing"},"url":"https:\/\/lasventastour.com\/pt-pt\/author\/admin_6om2e6u0\/"}]}},"_links":{"self":[{"href":"https:\/\/lasventastour.com\/pt-pt\/wp-json\/wp\/v2\/posts\/2600","targetHints":{"allow":["GET"]}}],"collection":[{"href":"https:\/\/lasventastour.com\/pt-pt\/wp-json\/wp\/v2\/posts"}],"about":[{"href":"https:\/\/lasventastour.com\/pt-pt\/wp-json\/wp\/v2\/types\/post"}],"author":[{"embeddable":true,"href":"https:\/\/lasventastour.com\/pt-pt\/wp-json\/wp\/v2\/users\/1"}],"replies":[{"embeddable":true,"href":"https:\/\/lasventastour.com\/pt-pt\/wp-json\/wp\/v2\/comments?post=2600"}],"version-history":[{"count":2,"href":"https:\/\/lasventastour.com\/pt-pt\/wp-json\/wp\/v2\/posts\/2600\/revisions"}],"predecessor-version":[{"id":2602,"href":"https:\/\/lasventastour.com\/pt-pt\/wp-json\/wp\/v2\/posts\/2600\/revisions\/2602"}],"wp:featuredmedia":[{"embeddable":true,"href":"https:\/\/lasventastour.com\/pt-pt\/wp-json\/wp\/v2\/media\/1617"}],"wp:attachment":[{"href":"https:\/\/lasventastour.com\/pt-pt\/wp-json\/wp\/v2\/media?parent=2600"}],"wp:term":[{"taxonomy":"category","embeddable":true,"href":"https:\/\/lasventastour.com\/pt-pt\/wp-json\/wp\/v2\/categories?post=2600"},{"taxonomy":"post_tag","embeddable":true,"href":"https:\/\/lasventastour.com\/pt-pt\/wp-json\/wp\/v2\/tags?post=2600"}],"curies":[{"name":"wp","href":"https:\/\/api.w.org\/{rel}","templated":true}]}}