{"id":3256,"date":"2023-12-05T14:04:47","date_gmt":"2023-12-05T14:04:47","guid":{"rendered":"https:\/\/lasventastour.com\/perche-il-mantello-del-torero-e-rosa-e-giallo\/"},"modified":"2024-09-13T10:14:37","modified_gmt":"2024-09-13T10:14:37","slug":"perche-il-mantello-del-torero-e-rosa-e-giallo","status":"publish","type":"post","link":"https:\/\/lasventastour.com\/it\/perche-il-mantello-del-torero-e-rosa-e-giallo\/","title":{"rendered":"Perch\u00e9 il mantello del torero \u00e8 rosa e giallo?"},"content":{"rendered":"<section class=\"l-section wpb_row height_medium\"><div class=\"l-section-h i-cf\"><div class=\"g-cols vc_row via_grid cols_1 laptops-cols_inherit tablets-cols_inherit mobiles-cols_1 valign_top type_default stacking_default\"><div class=\"wpb_column vc_column_container\"><div class=\"vc_column-inner\"><div class=\"wpb_text_column\"><div class=\"wpb_wrapper\"><p>La stoffa dai colori vivaci indossata dai toreri durante il combattimento si chiama <strong>capote de brega<\/strong>.<br \/>\nMa perch\u00e9 \u00e8 rosa e giallo? <span id=\"more-53\"><\/span> Nelle feste cavalleresche del Medioevo, il mantello veniva utilizzato come <strong>strumento per evitare la carica del toro<\/strong>.<br \/>\nPi\u00f9 tardi, nel XVI e XVII secolo, si stabil\u00ec che il mantello era lo strumento comune dei braccianti che aiutavano i cavalieri.<br \/>\nGi\u00e0 all&#8217;epoca esisteva l&#8217;espressione &#8220;echar la capa a alguien&#8221; (gettare il mantello a qualcuno) quando si aiutava un compagno in una situazione di disagio.<br \/>\nTuttavia, i colori utilizzati non avevano nulla a che vedere con quelli odierni: i mantelli dei cittadini erano marroni o tinti di scuro.<br \/>\nCon l&#8217;<strong>evoluzione della tauromachia<\/strong>, il mantello da tauromachia si \u00e8 gradualmente separato dal mantello da abito, pur mantenendo la sua forma.<br \/>\nInfatti<strong>, oggi i mantelli sono ancora progettati con mantello, colletto e ampia balza. <\/strong><\/p>\n<\/div><\/div><div class=\"w-separator size_medium\"><\/div><div class=\"w-image align_center\"><div class=\"w-image-h\"><img decoding=\"async\" width=\"638\" height=\"568\" src=\"https:\/\/lasventastour.com\/wp-content\/uploads\/2023\/12\/capote-taurino.jpg\" class=\"attachment-large size-large\" alt=\"cappella dell&#039;arena\" loading=\"lazy\" srcset=\"https:\/\/lasventastour.com\/wp-content\/uploads\/2023\/12\/capote-taurino.jpg 638w, https:\/\/lasventastour.com\/wp-content\/uploads\/2023\/12\/capote-taurino-600x534.jpg 600w, https:\/\/lasventastour.com\/wp-content\/uploads\/2023\/12\/capote-taurino-300x267.jpg 300w\" sizes=\"auto, (max-width: 638px) 100vw, 638px\" \/><\/div><\/div><\/div><\/div><\/div><\/div><\/section><section class=\"l-section wpb_row height_medium\"><div class=\"l-section-h i-cf\"><div class=\"g-cols vc_row via_grid cols_1 laptops-cols_inherit tablets-cols_inherit mobiles-cols_1 valign_top type_default stacking_default\"><div class=\"wpb_column vc_column_container\"><div class=\"vc_column-inner\"><div class=\"wpb_text_column\"><div class=\"wpb_wrapper\"><p>Il colore attuale della <strong>trave<\/strong> \u00e8 il rosa o il fucsia, mentre la fodera o la <strong>parte inferiore<\/strong> \u00e8 solitamente gialla, anche se alcuni toreri, per superstizione, hanno ripreso l&#8217;antica tradizione di utilizzare toni scuri, come il blu o il verde.<br \/>\nTradizionalmente, il rosa \u00e8 associato alla fortuna e il giallo alla sfortuna. <strong>Entrambi i colori tingono i mantelli dei toreri, come una dicotomia inerente al mondo della corrida: fortuna e sfortuna, trionfo e fallimento, sole e ombra, vita e morte.<\/strong><\/p>\n<div>C&#8217;era anche un <strong>fattore economico:<\/strong> in passato, i colori vivaci come il rosa erano i pi\u00f9 difficili da ottenere e quindi i pi\u00f9 costosi.<br \/>\nQuesta scelta (il mantello rosa) ricordava la classe e la nobilt\u00e0 del torero.<\/div>\n<\/div><\/div><\/div><\/div><\/div><\/div><\/section>\n","protected":false},"excerpt":{"rendered":"La stoffa dai colori vivaci indossata dai toreri durante il combattimento si chiama capote de brega. Ma perch\u00e9 \u00e8 rosa e giallo? Nelle feste cavalleresche del Medioevo, il mantello veniva utilizzato come strumento per evitare la carica del toro. Pi\u00f9 tardi, nel XVI e XVII secolo, si stabil\u00ec che il mantello era lo strumento comune...","protected":false},"author":1,"featured_media":1334,"comment_status":"open","ping_status":"open","sticky":false,"template":"","format":"standard","meta":{"footnotes":""},"categories":[45],"tags":[],"class_list":["post-3256","post","type-post","status-publish","format-standard","has-post-thumbnail","hentry","category-curiosita"],"yoast_head":"<!-- This site is optimized with the Yoast SEO plugin v27.5 - https:\/\/yoast.com\/product\/yoast-seo-wordpress\/ -->\n<title>\u25b7 Perch\u00e9 il mantello del torero \u00e8 rosa e giallo?<\/title>\n<meta name=\"description\" content=\"Scopri perch\u00e9 il mantello del torero \u00e8 rosa e giallo, oltre alla storia del mantello e alla sua importanza nella corrida.\" \/>\n<meta name=\"robots\" content=\"index, follow, max-snippet:-1, max-image-preview:large, max-video-preview:-1\" \/>\n<link rel=\"canonical\" href=\"https:\/\/lasventastour.com\/it\/perche-il-mantello-del-torero-e-rosa-e-giallo\/\" \/>\n<meta property=\"og:locale\" content=\"it_IT\" \/>\n<meta property=\"og:type\" content=\"article\" \/>\n<meta property=\"og:title\" content=\"\u25b7 Perch\u00e9 il mantello del torero \u00e8 rosa e giallo?\" \/>\n<meta property=\"og:description\" content=\"Scopri perch\u00e9 il mantello del torero \u00e8 rosa e giallo, oltre alla storia del mantello e alla sua importanza nella corrida.\" \/>\n<meta property=\"og:url\" content=\"https:\/\/lasventastour.com\/it\/perche-il-mantello-del-torero-e-rosa-e-giallo\/\" \/>\n<meta property=\"og:site_name\" content=\"Las Ventas Tour\" \/>\n<meta property=\"article:published_time\" content=\"2023-12-05T14:04:47+00:00\" \/>\n<meta property=\"article:modified_time\" content=\"2024-09-13T10:14:37+00:00\" \/>\n<meta property=\"og:image\" content=\"https:\/\/lasventastour.com\/wp-content\/uploads\/2023\/12\/capote-torero.webp\" \/>\n\t<meta property=\"og:image:width\" content=\"657\" \/>\n\t<meta property=\"og:image:height\" content=\"436\" \/>\n\t<meta property=\"og:image:type\" content=\"image\/webp\" \/>\n<meta name=\"author\" content=\"Marketing\" \/>\n<meta name=\"twitter:card\" content=\"summary_large_image\" \/>\n<meta name=\"twitter:label1\" content=\"Scritto da\" \/>\n\t<meta name=\"twitter:data1\" content=\"Marketing\" \/>\n\t<meta name=\"twitter:label2\" content=\"Tempo di lettura stimato\" \/>\n\t<meta name=\"twitter:data2\" content=\"2 minuto\" \/>\n<script type=\"application\/ld+json\" class=\"yoast-schema-graph\">{\"@context\":\"https:\\\/\\\/schema.org\",\"@graph\":[{\"@type\":\"Article\",\"@id\":\"https:\\\/\\\/lasventastour.com\\\/it\\\/perche-il-mantello-del-torero-e-rosa-e-giallo\\\/#article\",\"isPartOf\":{\"@id\":\"https:\\\/\\\/lasventastour.com\\\/it\\\/perche-il-mantello-del-torero-e-rosa-e-giallo\\\/\"},\"author\":{\"name\":\"Marketing\",\"@id\":\"https:\\\/\\\/lasventastour.com\\\/it\\\/#\\\/schema\\\/person\\\/1929dadef5851db38bb10e82da906c66\"},\"headline\":\"Perch\u00e9 il mantello del torero \u00e8 rosa e giallo?\",\"datePublished\":\"2023-12-05T14:04:47+00:00\",\"dateModified\":\"2024-09-13T10:14:37+00:00\",\"mainEntityOfPage\":{\"@id\":\"https:\\\/\\\/lasventastour.com\\\/it\\\/perche-il-mantello-del-torero-e-rosa-e-giallo\\\/\"},\"wordCount\":310,\"commentCount\":0,\"publisher\":{\"@id\":\"https:\\\/\\\/lasventastour.com\\\/it\\\/#organization\"},\"image\":{\"@id\":\"https:\\\/\\\/lasventastour.com\\\/it\\\/perche-il-mantello-del-torero-e-rosa-e-giallo\\\/#primaryimage\"},\"thumbnailUrl\":\"https:\\\/\\\/lasventastour.com\\\/wp-content\\\/uploads\\\/2023\\\/12\\\/capote-torero.webp\",\"articleSection\":[\"Curiosit\u00e0\"],\"inLanguage\":\"it-IT\",\"potentialAction\":[{\"@type\":\"CommentAction\",\"name\":\"Comment\",\"target\":[\"https:\\\/\\\/lasventastour.com\\\/it\\\/perche-il-mantello-del-torero-e-rosa-e-giallo\\\/#respond\"]}]},{\"@type\":\"WebPage\",\"@id\":\"https:\\\/\\\/lasventastour.com\\\/it\\\/perche-il-mantello-del-torero-e-rosa-e-giallo\\\/\",\"url\":\"https:\\\/\\\/lasventastour.com\\\/it\\\/perche-il-mantello-del-torero-e-rosa-e-giallo\\\/\",\"name\":\"\u25b7 Perch\u00e9 il mantello del torero \u00e8 rosa e giallo?\",\"isPartOf\":{\"@id\":\"https:\\\/\\\/lasventastour.com\\\/it\\\/#website\"},\"primaryImageOfPage\":{\"@id\":\"https:\\\/\\\/lasventastour.com\\\/it\\\/perche-il-mantello-del-torero-e-rosa-e-giallo\\\/#primaryimage\"},\"image\":{\"@id\":\"https:\\\/\\\/lasventastour.com\\\/it\\\/perche-il-mantello-del-torero-e-rosa-e-giallo\\\/#primaryimage\"},\"thumbnailUrl\":\"https:\\\/\\\/lasventastour.com\\\/wp-content\\\/uploads\\\/2023\\\/12\\\/capote-torero.webp\",\"datePublished\":\"2023-12-05T14:04:47+00:00\",\"dateModified\":\"2024-09-13T10:14:37+00:00\",\"description\":\"Scopri perch\u00e9 il mantello del torero \u00e8 rosa e giallo, oltre alla storia del mantello e alla sua importanza nella corrida.\",\"breadcrumb\":{\"@id\":\"https:\\\/\\\/lasventastour.com\\\/it\\\/perche-il-mantello-del-torero-e-rosa-e-giallo\\\/#breadcrumb\"},\"inLanguage\":\"it-IT\",\"potentialAction\":[{\"@type\":\"ReadAction\",\"target\":[\"https:\\\/\\\/lasventastour.com\\\/it\\\/perche-il-mantello-del-torero-e-rosa-e-giallo\\\/\"]}]},{\"@type\":\"ImageObject\",\"inLanguage\":\"it-IT\",\"@id\":\"https:\\\/\\\/lasventastour.com\\\/it\\\/perche-il-mantello-del-torero-e-rosa-e-giallo\\\/#primaryimage\",\"url\":\"https:\\\/\\\/lasventastour.com\\\/wp-content\\\/uploads\\\/2023\\\/12\\\/capote-torero.webp\",\"contentUrl\":\"https:\\\/\\\/lasventastour.com\\\/wp-content\\\/uploads\\\/2023\\\/12\\\/capote-torero.webp\",\"width\":657,\"height\":436,\"caption\":\"mantello da corrida\"},{\"@type\":\"BreadcrumbList\",\"@id\":\"https:\\\/\\\/lasventastour.com\\\/it\\\/perche-il-mantello-del-torero-e-rosa-e-giallo\\\/#breadcrumb\",\"itemListElement\":[{\"@type\":\"ListItem\",\"position\":1,\"name\":\"Portada\",\"item\":\"https:\\\/\\\/lasventastour.com\\\/it\\\/\"},{\"@type\":\"ListItem\",\"position\":2,\"name\":\"Perch\u00e9 il mantello del torero \u00e8 rosa e giallo?\"}]},{\"@type\":\"WebSite\",\"@id\":\"https:\\\/\\\/lasventastour.com\\\/it\\\/#website\",\"url\":\"https:\\\/\\\/lasventastour.com\\\/it\\\/\",\"name\":\"Las Ventas Tour\",\"description\":\"Tour Las Ventas | Plaza de Toros de Madrid | Web Oficial\",\"publisher\":{\"@id\":\"https:\\\/\\\/lasventastour.com\\\/it\\\/#organization\"},\"alternateName\":\"Las Ventas Tour\",\"potentialAction\":[{\"@type\":\"SearchAction\",\"target\":{\"@type\":\"EntryPoint\",\"urlTemplate\":\"https:\\\/\\\/lasventastour.com\\\/it\\\/?s={search_term_string}\"},\"query-input\":{\"@type\":\"PropertyValueSpecification\",\"valueRequired\":true,\"valueName\":\"search_term_string\"}}],\"inLanguage\":\"it-IT\"},{\"@type\":\"Organization\",\"@id\":\"https:\\\/\\\/lasventastour.com\\\/it\\\/#organization\",\"name\":\"Tour Las Ventas\",\"alternateName\":\"Tour Las Ventas\",\"url\":\"https:\\\/\\\/lasventastour.com\\\/it\\\/\",\"logo\":{\"@type\":\"ImageObject\",\"inLanguage\":\"it-IT\",\"@id\":\"https:\\\/\\\/lasventastour.com\\\/it\\\/#\\\/schema\\\/logo\\\/image\\\/\",\"url\":\"https:\\\/\\\/lasventastour.com\\\/wp-content\\\/uploads\\\/2024\\\/09\\\/cropped-Logo-Las-Ventas-1.webp\",\"contentUrl\":\"https:\\\/\\\/lasventastour.com\\\/wp-content\\\/uploads\\\/2024\\\/09\\\/cropped-Logo-Las-Ventas-1.webp\",\"width\":512,\"height\":512,\"caption\":\"Tour Las Ventas\"},\"image\":{\"@id\":\"https:\\\/\\\/lasventastour.com\\\/it\\\/#\\\/schema\\\/logo\\\/image\\\/\"},\"sameAs\":[\"https:\\\/\\\/www.instagram.com\\\/lasventastour\\\/\"]},{\"@type\":\"Person\",\"@id\":\"https:\\\/\\\/lasventastour.com\\\/it\\\/#\\\/schema\\\/person\\\/1929dadef5851db38bb10e82da906c66\",\"name\":\"Marketing\",\"image\":{\"@type\":\"ImageObject\",\"inLanguage\":\"it-IT\",\"@id\":\"https:\\\/\\\/lasventastour.com\\\/wp-content\\\/litespeed\\\/avatar\\\/784dc806a7d23845afc4e9cc8c15fe87.jpg?ver=1777548711\",\"url\":\"https:\\\/\\\/lasventastour.com\\\/wp-content\\\/litespeed\\\/avatar\\\/784dc806a7d23845afc4e9cc8c15fe87.jpg?ver=1777548711\",\"contentUrl\":\"https:\\\/\\\/lasventastour.com\\\/wp-content\\\/litespeed\\\/avatar\\\/784dc806a7d23845afc4e9cc8c15fe87.jpg?ver=1777548711\",\"caption\":\"Marketing\"},\"url\":\"https:\\\/\\\/lasventastour.com\\\/it\\\/author\\\/admin_6om2e6u0\\\/\"}]}<\/script>\n<!-- \/ Yoast SEO plugin. -->","yoast_head_json":{"title":"\u25b7 Perch\u00e9 il mantello del torero \u00e8 rosa e giallo?","description":"Scopri perch\u00e9 il mantello del torero \u00e8 rosa e giallo, oltre alla storia del mantello e alla sua importanza nella corrida.","robots":{"index":"index","follow":"follow","max-snippet":"max-snippet:-1","max-image-preview":"max-image-preview:large","max-video-preview":"max-video-preview:-1"},"canonical":"https:\/\/lasventastour.com\/it\/perche-il-mantello-del-torero-e-rosa-e-giallo\/","og_locale":"it_IT","og_type":"article","og_title":"\u25b7 Perch\u00e9 il mantello del torero \u00e8 rosa e giallo?","og_description":"Scopri perch\u00e9 il mantello del torero \u00e8 rosa e giallo, oltre alla storia del mantello e alla sua importanza nella corrida.","og_url":"https:\/\/lasventastour.com\/it\/perche-il-mantello-del-torero-e-rosa-e-giallo\/","og_site_name":"Las Ventas Tour","article_published_time":"2023-12-05T14:04:47+00:00","article_modified_time":"2024-09-13T10:14:37+00:00","og_image":[{"width":657,"height":436,"url":"https:\/\/lasventastour.com\/wp-content\/uploads\/2023\/12\/capote-torero.webp","type":"image\/webp"}],"author":"Marketing","twitter_card":"summary_large_image","twitter_misc":{"Scritto da":"Marketing","Tempo di lettura stimato":"2 minuto"},"schema":{"@context":"https:\/\/schema.org","@graph":[{"@type":"Article","@id":"https:\/\/lasventastour.com\/it\/perche-il-mantello-del-torero-e-rosa-e-giallo\/#article","isPartOf":{"@id":"https:\/\/lasventastour.com\/it\/perche-il-mantello-del-torero-e-rosa-e-giallo\/"},"author":{"name":"Marketing","@id":"https:\/\/lasventastour.com\/it\/#\/schema\/person\/1929dadef5851db38bb10e82da906c66"},"headline":"Perch\u00e9 il mantello del torero \u00e8 rosa e giallo?","datePublished":"2023-12-05T14:04:47+00:00","dateModified":"2024-09-13T10:14:37+00:00","mainEntityOfPage":{"@id":"https:\/\/lasventastour.com\/it\/perche-il-mantello-del-torero-e-rosa-e-giallo\/"},"wordCount":310,"commentCount":0,"publisher":{"@id":"https:\/\/lasventastour.com\/it\/#organization"},"image":{"@id":"https:\/\/lasventastour.com\/it\/perche-il-mantello-del-torero-e-rosa-e-giallo\/#primaryimage"},"thumbnailUrl":"https:\/\/lasventastour.com\/wp-content\/uploads\/2023\/12\/capote-torero.webp","articleSection":["Curiosit\u00e0"],"inLanguage":"it-IT","potentialAction":[{"@type":"CommentAction","name":"Comment","target":["https:\/\/lasventastour.com\/it\/perche-il-mantello-del-torero-e-rosa-e-giallo\/#respond"]}]},{"@type":"WebPage","@id":"https:\/\/lasventastour.com\/it\/perche-il-mantello-del-torero-e-rosa-e-giallo\/","url":"https:\/\/lasventastour.com\/it\/perche-il-mantello-del-torero-e-rosa-e-giallo\/","name":"\u25b7 Perch\u00e9 il mantello del torero \u00e8 rosa e giallo?","isPartOf":{"@id":"https:\/\/lasventastour.com\/it\/#website"},"primaryImageOfPage":{"@id":"https:\/\/lasventastour.com\/it\/perche-il-mantello-del-torero-e-rosa-e-giallo\/#primaryimage"},"image":{"@id":"https:\/\/lasventastour.com\/it\/perche-il-mantello-del-torero-e-rosa-e-giallo\/#primaryimage"},"thumbnailUrl":"https:\/\/lasventastour.com\/wp-content\/uploads\/2023\/12\/capote-torero.webp","datePublished":"2023-12-05T14:04:47+00:00","dateModified":"2024-09-13T10:14:37+00:00","description":"Scopri perch\u00e9 il mantello del torero \u00e8 rosa e giallo, oltre alla storia del mantello e alla sua importanza nella corrida.","breadcrumb":{"@id":"https:\/\/lasventastour.com\/it\/perche-il-mantello-del-torero-e-rosa-e-giallo\/#breadcrumb"},"inLanguage":"it-IT","potentialAction":[{"@type":"ReadAction","target":["https:\/\/lasventastour.com\/it\/perche-il-mantello-del-torero-e-rosa-e-giallo\/"]}]},{"@type":"ImageObject","inLanguage":"it-IT","@id":"https:\/\/lasventastour.com\/it\/perche-il-mantello-del-torero-e-rosa-e-giallo\/#primaryimage","url":"https:\/\/lasventastour.com\/wp-content\/uploads\/2023\/12\/capote-torero.webp","contentUrl":"https:\/\/lasventastour.com\/wp-content\/uploads\/2023\/12\/capote-torero.webp","width":657,"height":436,"caption":"mantello da corrida"},{"@type":"BreadcrumbList","@id":"https:\/\/lasventastour.com\/it\/perche-il-mantello-del-torero-e-rosa-e-giallo\/#breadcrumb","itemListElement":[{"@type":"ListItem","position":1,"name":"Portada","item":"https:\/\/lasventastour.com\/it\/"},{"@type":"ListItem","position":2,"name":"Perch\u00e9 il mantello del torero \u00e8 rosa e giallo?"}]},{"@type":"WebSite","@id":"https:\/\/lasventastour.com\/it\/#website","url":"https:\/\/lasventastour.com\/it\/","name":"Las Ventas Tour","description":"Tour Las Ventas | Plaza de Toros de Madrid | Web Oficial","publisher":{"@id":"https:\/\/lasventastour.com\/it\/#organization"},"alternateName":"Las Ventas Tour","potentialAction":[{"@type":"SearchAction","target":{"@type":"EntryPoint","urlTemplate":"https:\/\/lasventastour.com\/it\/?s={search_term_string}"},"query-input":{"@type":"PropertyValueSpecification","valueRequired":true,"valueName":"search_term_string"}}],"inLanguage":"it-IT"},{"@type":"Organization","@id":"https:\/\/lasventastour.com\/it\/#organization","name":"Tour Las Ventas","alternateName":"Tour Las Ventas","url":"https:\/\/lasventastour.com\/it\/","logo":{"@type":"ImageObject","inLanguage":"it-IT","@id":"https:\/\/lasventastour.com\/it\/#\/schema\/logo\/image\/","url":"https:\/\/lasventastour.com\/wp-content\/uploads\/2024\/09\/cropped-Logo-Las-Ventas-1.webp","contentUrl":"https:\/\/lasventastour.com\/wp-content\/uploads\/2024\/09\/cropped-Logo-Las-Ventas-1.webp","width":512,"height":512,"caption":"Tour Las Ventas"},"image":{"@id":"https:\/\/lasventastour.com\/it\/#\/schema\/logo\/image\/"},"sameAs":["https:\/\/www.instagram.com\/lasventastour\/"]},{"@type":"Person","@id":"https:\/\/lasventastour.com\/it\/#\/schema\/person\/1929dadef5851db38bb10e82da906c66","name":"Marketing","image":{"@type":"ImageObject","inLanguage":"it-IT","@id":"https:\/\/lasventastour.com\/wp-content\/litespeed\/avatar\/784dc806a7d23845afc4e9cc8c15fe87.jpg?ver=1777548711","url":"https:\/\/lasventastour.com\/wp-content\/litespeed\/avatar\/784dc806a7d23845afc4e9cc8c15fe87.jpg?ver=1777548711","contentUrl":"https:\/\/lasventastour.com\/wp-content\/litespeed\/avatar\/784dc806a7d23845afc4e9cc8c15fe87.jpg?ver=1777548711","caption":"Marketing"},"url":"https:\/\/lasventastour.com\/it\/author\/admin_6om2e6u0\/"}]}},"_links":{"self":[{"href":"https:\/\/lasventastour.com\/it\/wp-json\/wp\/v2\/posts\/3256","targetHints":{"allow":["GET"]}}],"collection":[{"href":"https:\/\/lasventastour.com\/it\/wp-json\/wp\/v2\/posts"}],"about":[{"href":"https:\/\/lasventastour.com\/it\/wp-json\/wp\/v2\/types\/post"}],"author":[{"embeddable":true,"href":"https:\/\/lasventastour.com\/it\/wp-json\/wp\/v2\/users\/1"}],"replies":[{"embeddable":true,"href":"https:\/\/lasventastour.com\/it\/wp-json\/wp\/v2\/comments?post=3256"}],"version-history":[{"count":3,"href":"https:\/\/lasventastour.com\/it\/wp-json\/wp\/v2\/posts\/3256\/revisions"}],"predecessor-version":[{"id":3441,"href":"https:\/\/lasventastour.com\/it\/wp-json\/wp\/v2\/posts\/3256\/revisions\/3441"}],"wp:featuredmedia":[{"embeddable":true,"href":"https:\/\/lasventastour.com\/it\/wp-json\/wp\/v2\/media\/1334"}],"wp:attachment":[{"href":"https:\/\/lasventastour.com\/it\/wp-json\/wp\/v2\/media?parent=3256"}],"wp:term":[{"taxonomy":"category","embeddable":true,"href":"https:\/\/lasventastour.com\/it\/wp-json\/wp\/v2\/categories?post=3256"},{"taxonomy":"post_tag","embeddable":true,"href":"https:\/\/lasventastour.com\/it\/wp-json\/wp\/v2\/tags?post=3256"}],"curies":[{"name":"wp","href":"https:\/\/api.w.org\/{rel}","templated":true}]}}