{"id":3077,"date":"2023-12-05T15:53:32","date_gmt":"2023-12-05T15:53:32","guid":{"rendered":"https:\/\/lasventastour.com\/il-paseillo\/"},"modified":"2024-09-11T08:28:56","modified_gmt":"2024-09-11T08:28:56","slug":"il-paseillo","status":"publish","type":"post","link":"https:\/\/lasventastour.com\/it\/il-paseillo\/","title":{"rendered":"Il pase\u00edllo"},"content":{"rendered":"<section class=\"l-section wpb_row height_medium\"><div class=\"l-section-h i-cf\"><div class=\"g-cols vc_row via_grid cols_1 laptops-cols_inherit tablets-cols_inherit mobiles-cols_1 valign_top type_default stacking_default\"><div class=\"wpb_column vc_column_container\"><div class=\"vc_column-inner\"><div class=\"wpb_text_column\"><div class=\"wpb_wrapper\"><p>Nel vibrante e controverso mondo della corrida, il Pase\u00edllo emerge come una danza rituale piena di simbolismo e coraggio. Questo preludio al compito del torero non \u00e8 solo una processione verso l&#8217;arena, ma un&#8217;espressione artistica radicata nella ricca tradizione della corrida.  <\/p>\n<h2>Cos&#8217;\u00e8 il Paseillo?<\/h2>\n<p> Il Pase\u00edllo, che letteralmente in spagnolo significa &#8220;passeggiata&#8221;, \u00e8 molto pi\u00f9 di un semplice ingresso protocollare dei toreri nell&#8217;arena. \u00c8 una sfilata cerimoniale in cui i destrimani, vestiti con costumi di luci riccamente decorati, camminano con grazia e determinazione dai porcili al centro dell&#8217;anello. Questo momento effimero ma importante, pieno di solennit\u00e0 e tensione, segna l&#8217;inizio di una danza mortale tra l&#8217;uomo e la bestia. Ogni passo del Pase\u00edllo \u00e8 coreografato con precisione. I toreri avanzano in fila, portando elegantemente i loro mantelli, mentre la folla osserva con un misto di aspettativa e rispetto. La musica, spesso a doppio passo, avvolge l&#8217;atmosfera, aggiungendo un tocco melodico all&#8217;intensit\u00e0 che verr\u00e0. Questo rito, seppure stilizzato e tradizionale, racchiude un&#8217;affascinante dualit\u00e0. Da un lato rappresenta il profondo legame con le radici culturali e la storia ancestrale della corrida. D\u2019altra parte, \u00e8 il preludio a un confronto viscerale tra uomo e toro, dove arte e abilit\u00e0 si intrecciano con forza bruta e imprevedibilit\u00e0. Il Pase\u00edllo funge anche da presentazione dei toreri al pubblico, offrendo agli appassionati l&#8217;opportunit\u00e0 di apprezzare la personalit\u00e0 unica di ogni torero. Ogni gesto, ogni sguardo, contribuisce alla costruzione della narrazione emotiva che si svolger\u00e0 nell&#8217;arena.<\/p>\n<\/div><\/div><div class=\"w-separator size_medium\"><\/div><div class=\"w-image align_center\"><div class=\"w-image-h\"><img decoding=\"async\" width=\"507\" height=\"341\" src=\"https:\/\/lasventastour.com\/wp-content\/uploads\/2023\/12\/orden-del-paseillo.webp\" class=\"attachment-large size-large\" alt=\"Kapelle der Stierkampfarena\" loading=\"lazy\" srcset=\"https:\/\/lasventastour.com\/wp-content\/uploads\/2023\/12\/orden-del-paseillo.webp 507w, https:\/\/lasventastour.com\/wp-content\/uploads\/2023\/12\/orden-del-paseillo-300x202.webp 300w\" sizes=\"auto, (max-width: 507px) 100vw, 507px\" \/><\/div><\/div><div class=\"wpb_text_column\"><div class=\"wpb_wrapper\"><p style=\"text-align: center;\">Immagine di <a href=\"https:\/\/www.servitoro.com\/es\/terminologia-taurina#faq_10\">Servitoro<\/a><\/p>\n<\/div><\/div><\/div><\/div><\/div><\/div><\/section><section class=\"l-section wpb_row height_medium\"><div class=\"l-section-h i-cf\"><div class=\"g-cols vc_row via_grid cols_1 laptops-cols_inherit tablets-cols_inherit mobiles-cols_1 valign_top type_default stacking_default\"><div class=\"wpb_column vc_column_container\"><div class=\"vc_column-inner\"><div class=\"wpb_text_column\"><div class=\"wpb_wrapper\"><h2>Come si esegue il Pase\u00edllo?<\/h2>\n<p> Ecco alcune delle regole comuni associate al Pase\u00edllo nella corrida: <\/p>\n<ol>\n<li><strong>Abbigliamento specifico: <\/strong>i toreri indossano costumi di luci, costumi tradizionali riccamente decorati con paillettes e ricami. Questi costumi sono solitamente dai colori vivaci e progettati per catturare l&#8217;attenzione del pubblico e del toro. <\/li>\n<li><strong>Ordine di entrata:<\/strong> i toreri entrano nell&#8217;arena in un ordine specifico. Il primo ad entrare \u00e8 il &#8220;torero&#8221;, seguito dai &#8220;banderilleros&#8221; e, infine, dai &#8220;picadores&#8221;. L&#8217;ordine non \u00e8 casuale poich\u00e9 entrano per primi nell&#8217;arena i partecipanti pi\u00f9 anziani.  <\/li>\n<li><strong>Desfile Solemne:<\/strong>\n<ul>\n<li>Il Pase\u00edllo \u00e8 una solenne processione dai porcili al centro dell&#8217;arena. Durante questa sfilata, i toreri solitamente indossano mantelli ed eseguono gesti cerimoniali come salutare il presidente e il pubblico. <\/li>\n<\/ul>\n<\/li>\n<li><strong>Accompagnamento musicale:<\/strong>\n<ul>\n<li>Il Pase\u00edllo \u00e8 accompagnato dalla musica, tipicamente un paso doble. La colonna sonora aggiunge un elemento artistico ed emotivo all&#8217;ingresso dei toreri, creando un&#8217;atmosfera unica nella piazza. <\/li>\n<\/ul>\n<\/li>\n<li><strong>Saluti alla Presidenza:<\/strong>\n<ul>\n<li>Prima di iniziare la corrida, i toreri solitamente salutano il presidente dell&#8217;arena. Questo gesto \u00e8 un segno di rispetto verso le autorit\u00e0 e una tradizione radicata nell&#8217;etichetta della corrida. <\/li>\n<\/ul>\n<\/li>\n<li><strong>Comportamento cerimoniale:<\/strong>\n<ul>\n<li>Durante il Pase\u00edllo, i toreri devono mantenere un comportamento cerimoniale e rispettoso. Seriet\u00e0 e dignit\u00e0 sono aspetti importanti di questo rituale che precede l&#8217;incarico. <\/li>\n<\/ul>\n<\/li>\n<\/ol>\n<\/div><\/div><\/div><\/div><div class=\"wpb_column vc_column_container\"><div class=\"vc_column-inner\"><\/div><\/div><\/div><\/div><\/section>\n","protected":false},"excerpt":{"rendered":"Nel vibrante e controverso mondo della corrida, il Pase\u00edllo emerge come una danza rituale piena di simbolismo e coraggio. Questo preludio al compito del torero non \u00e8 solo una processione verso l&#8217;arena, ma un&#8217;espressione artistica radicata nella ricca tradizione della corrida. Cos&#8217;\u00e8 il Paseillo? Il Pase\u00edllo, che letteralmente in spagnolo significa &#8220;passeggiata&#8221;, \u00e8 molto pi\u00f9...","protected":false},"author":1,"featured_media":1414,"comment_status":"open","ping_status":"open","sticky":false,"template":"","format":"standard","meta":{"footnotes":""},"categories":[45],"tags":[],"class_list":["post-3077","post","type-post","status-publish","format-standard","has-post-thumbnail","hentry","category-curiosita"],"yoast_head":"<!-- This site is optimized with the Yoast SEO plugin v27.5 - https:\/\/yoast.com\/product\/yoast-seo-wordpress\/ -->\n<title>Cos&#039;\u00e8 Paseillo? | Curiosit\u00e0 sulla corrida<\/title>\n<meta name=\"description\" content=\"Scopri cos&#039;\u00e8 la corrida e tutta l&#039;arte che racchiude questa meravigliosa messa in scena della corrida [Curiosidades]\" \/>\n<meta name=\"robots\" content=\"index, follow, max-snippet:-1, max-image-preview:large, max-video-preview:-1\" \/>\n<link rel=\"canonical\" href=\"https:\/\/lasventastour.com\/it\/il-paseillo\/\" \/>\n<meta property=\"og:locale\" content=\"it_IT\" \/>\n<meta property=\"og:type\" content=\"article\" \/>\n<meta property=\"og:title\" content=\"Cos&#039;\u00e8 Paseillo? | Curiosit\u00e0 sulla corrida\" \/>\n<meta property=\"og:description\" content=\"Scopri cos&#039;\u00e8 la corrida e tutta l&#039;arte che racchiude questa meravigliosa messa in scena della corrida [Curiosidades]\" \/>\n<meta property=\"og:url\" content=\"https:\/\/lasventastour.com\/it\/il-paseillo\/\" \/>\n<meta property=\"og:site_name\" content=\"Las Ventas Tour\" \/>\n<meta property=\"article:published_time\" content=\"2023-12-05T15:53:32+00:00\" \/>\n<meta property=\"article:modified_time\" content=\"2024-09-11T08:28:56+00:00\" \/>\n<meta property=\"og:image\" content=\"https:\/\/lasventastour.com\/wp-content\/uploads\/2023\/12\/el-paseillo.webp\" \/>\n\t<meta property=\"og:image:width\" content=\"750\" \/>\n\t<meta property=\"og:image:height\" content=\"535\" \/>\n\t<meta property=\"og:image:type\" content=\"image\/webp\" \/>\n<meta name=\"author\" content=\"Marketing\" \/>\n<meta name=\"twitter:card\" content=\"summary_large_image\" \/>\n<meta name=\"twitter:label1\" content=\"Scritto da\" \/>\n\t<meta name=\"twitter:data1\" content=\"Marketing\" \/>\n\t<meta name=\"twitter:label2\" content=\"Tempo di lettura stimato\" \/>\n\t<meta name=\"twitter:data2\" content=\"2 minuto\" \/>\n<script type=\"application\/ld+json\" class=\"yoast-schema-graph\">{\"@context\":\"https:\\\/\\\/schema.org\",\"@graph\":[{\"@type\":\"Article\",\"@id\":\"https:\\\/\\\/lasventastour.com\\\/it\\\/il-paseillo\\\/#article\",\"isPartOf\":{\"@id\":\"https:\\\/\\\/lasventastour.com\\\/it\\\/il-paseillo\\\/\"},\"author\":{\"name\":\"Marketing\",\"@id\":\"https:\\\/\\\/lasventastour.com\\\/it\\\/#\\\/schema\\\/person\\\/1929dadef5851db38bb10e82da906c66\"},\"headline\":\"Il pase\u00edllo\",\"datePublished\":\"2023-12-05T15:53:32+00:00\",\"dateModified\":\"2024-09-11T08:28:56+00:00\",\"mainEntityOfPage\":{\"@id\":\"https:\\\/\\\/lasventastour.com\\\/it\\\/il-paseillo\\\/\"},\"wordCount\":523,\"commentCount\":0,\"publisher\":{\"@id\":\"https:\\\/\\\/lasventastour.com\\\/it\\\/#organization\"},\"image\":{\"@id\":\"https:\\\/\\\/lasventastour.com\\\/it\\\/il-paseillo\\\/#primaryimage\"},\"thumbnailUrl\":\"https:\\\/\\\/lasventastour.com\\\/wp-content\\\/uploads\\\/2023\\\/12\\\/el-paseillo.webp\",\"articleSection\":[\"Curiosit\u00e0\"],\"inLanguage\":\"it-IT\",\"potentialAction\":[{\"@type\":\"CommentAction\",\"name\":\"Comment\",\"target\":[\"https:\\\/\\\/lasventastour.com\\\/it\\\/il-paseillo\\\/#respond\"]}]},{\"@type\":\"WebPage\",\"@id\":\"https:\\\/\\\/lasventastour.com\\\/it\\\/il-paseillo\\\/\",\"url\":\"https:\\\/\\\/lasventastour.com\\\/it\\\/il-paseillo\\\/\",\"name\":\"Cos'\u00e8 Paseillo? | Curiosit\u00e0 sulla corrida\",\"isPartOf\":{\"@id\":\"https:\\\/\\\/lasventastour.com\\\/it\\\/#website\"},\"primaryImageOfPage\":{\"@id\":\"https:\\\/\\\/lasventastour.com\\\/it\\\/il-paseillo\\\/#primaryimage\"},\"image\":{\"@id\":\"https:\\\/\\\/lasventastour.com\\\/it\\\/il-paseillo\\\/#primaryimage\"},\"thumbnailUrl\":\"https:\\\/\\\/lasventastour.com\\\/wp-content\\\/uploads\\\/2023\\\/12\\\/el-paseillo.webp\",\"datePublished\":\"2023-12-05T15:53:32+00:00\",\"dateModified\":\"2024-09-11T08:28:56+00:00\",\"description\":\"Scopri cos'\u00e8 la corrida e tutta l'arte che racchiude questa meravigliosa messa in scena della corrida [Curiosidades]\",\"breadcrumb\":{\"@id\":\"https:\\\/\\\/lasventastour.com\\\/it\\\/il-paseillo\\\/#breadcrumb\"},\"inLanguage\":\"it-IT\",\"potentialAction\":[{\"@type\":\"ReadAction\",\"target\":[\"https:\\\/\\\/lasventastour.com\\\/it\\\/il-paseillo\\\/\"]}]},{\"@type\":\"ImageObject\",\"inLanguage\":\"it-IT\",\"@id\":\"https:\\\/\\\/lasventastour.com\\\/it\\\/il-paseillo\\\/#primaryimage\",\"url\":\"https:\\\/\\\/lasventastour.com\\\/wp-content\\\/uploads\\\/2023\\\/12\\\/el-paseillo.webp\",\"contentUrl\":\"https:\\\/\\\/lasventastour.com\\\/wp-content\\\/uploads\\\/2023\\\/12\\\/el-paseillo.webp\",\"width\":750,\"height\":535,\"caption\":\"la camminata del torero\"},{\"@type\":\"BreadcrumbList\",\"@id\":\"https:\\\/\\\/lasventastour.com\\\/it\\\/il-paseillo\\\/#breadcrumb\",\"itemListElement\":[{\"@type\":\"ListItem\",\"position\":1,\"name\":\"Portada\",\"item\":\"https:\\\/\\\/lasventastour.com\\\/it\\\/\"},{\"@type\":\"ListItem\",\"position\":2,\"name\":\"Il pase\u00edllo\"}]},{\"@type\":\"WebSite\",\"@id\":\"https:\\\/\\\/lasventastour.com\\\/it\\\/#website\",\"url\":\"https:\\\/\\\/lasventastour.com\\\/it\\\/\",\"name\":\"Las Ventas Tour\",\"description\":\"Tour Las Ventas | Plaza de Toros de Madrid | Web Oficial\",\"publisher\":{\"@id\":\"https:\\\/\\\/lasventastour.com\\\/it\\\/#organization\"},\"alternateName\":\"Las Ventas Tour\",\"potentialAction\":[{\"@type\":\"SearchAction\",\"target\":{\"@type\":\"EntryPoint\",\"urlTemplate\":\"https:\\\/\\\/lasventastour.com\\\/it\\\/?s={search_term_string}\"},\"query-input\":{\"@type\":\"PropertyValueSpecification\",\"valueRequired\":true,\"valueName\":\"search_term_string\"}}],\"inLanguage\":\"it-IT\"},{\"@type\":\"Organization\",\"@id\":\"https:\\\/\\\/lasventastour.com\\\/it\\\/#organization\",\"name\":\"Las Ventas Tour\",\"alternateName\":\"Las Ventas Tour\",\"url\":\"https:\\\/\\\/lasventastour.com\\\/it\\\/\",\"logo\":{\"@type\":\"ImageObject\",\"inLanguage\":\"it-IT\",\"@id\":\"https:\\\/\\\/lasventastour.com\\\/it\\\/#\\\/schema\\\/logo\\\/image\\\/\",\"url\":\"https:\\\/\\\/lasventastour.com\\\/wp-content\\\/uploads\\\/2024\\\/09\\\/cropped-Logo-Las-Ventas-1.webp\",\"contentUrl\":\"https:\\\/\\\/lasventastour.com\\\/wp-content\\\/uploads\\\/2024\\\/09\\\/cropped-Logo-Las-Ventas-1.webp\",\"width\":512,\"height\":512,\"caption\":\"Las Ventas Tour\"},\"image\":{\"@id\":\"https:\\\/\\\/lasventastour.com\\\/it\\\/#\\\/schema\\\/logo\\\/image\\\/\"},\"sameAs\":[\"https:\\\/\\\/www.instagram.com\\\/lasventastour\\\/\"]},{\"@type\":\"Person\",\"@id\":\"https:\\\/\\\/lasventastour.com\\\/it\\\/#\\\/schema\\\/person\\\/1929dadef5851db38bb10e82da906c66\",\"name\":\"Marketing\",\"image\":{\"@type\":\"ImageObject\",\"inLanguage\":\"it-IT\",\"@id\":\"https:\\\/\\\/lasventastour.com\\\/wp-content\\\/litespeed\\\/avatar\\\/784dc806a7d23845afc4e9cc8c15fe87.jpg?ver=1777381323\",\"url\":\"https:\\\/\\\/lasventastour.com\\\/wp-content\\\/litespeed\\\/avatar\\\/784dc806a7d23845afc4e9cc8c15fe87.jpg?ver=1777381323\",\"contentUrl\":\"https:\\\/\\\/lasventastour.com\\\/wp-content\\\/litespeed\\\/avatar\\\/784dc806a7d23845afc4e9cc8c15fe87.jpg?ver=1777381323\",\"caption\":\"Marketing\"},\"url\":\"https:\\\/\\\/lasventastour.com\\\/it\\\/author\\\/admin_6om2e6u0\\\/\"}]}<\/script>\n<!-- \/ Yoast SEO plugin. -->","yoast_head_json":{"title":"Cos'\u00e8 Paseillo? | Curiosit\u00e0 sulla corrida","description":"Scopri cos'\u00e8 la corrida e tutta l'arte che racchiude questa meravigliosa messa in scena della corrida [Curiosidades]","robots":{"index":"index","follow":"follow","max-snippet":"max-snippet:-1","max-image-preview":"max-image-preview:large","max-video-preview":"max-video-preview:-1"},"canonical":"https:\/\/lasventastour.com\/it\/il-paseillo\/","og_locale":"it_IT","og_type":"article","og_title":"Cos'\u00e8 Paseillo? | Curiosit\u00e0 sulla corrida","og_description":"Scopri cos'\u00e8 la corrida e tutta l'arte che racchiude questa meravigliosa messa in scena della corrida [Curiosidades]","og_url":"https:\/\/lasventastour.com\/it\/il-paseillo\/","og_site_name":"Las Ventas Tour","article_published_time":"2023-12-05T15:53:32+00:00","article_modified_time":"2024-09-11T08:28:56+00:00","og_image":[{"width":750,"height":535,"url":"https:\/\/lasventastour.com\/wp-content\/uploads\/2023\/12\/el-paseillo.webp","type":"image\/webp"}],"author":"Marketing","twitter_card":"summary_large_image","twitter_misc":{"Scritto da":"Marketing","Tempo di lettura stimato":"2 minuto"},"schema":{"@context":"https:\/\/schema.org","@graph":[{"@type":"Article","@id":"https:\/\/lasventastour.com\/it\/il-paseillo\/#article","isPartOf":{"@id":"https:\/\/lasventastour.com\/it\/il-paseillo\/"},"author":{"name":"Marketing","@id":"https:\/\/lasventastour.com\/it\/#\/schema\/person\/1929dadef5851db38bb10e82da906c66"},"headline":"Il pase\u00edllo","datePublished":"2023-12-05T15:53:32+00:00","dateModified":"2024-09-11T08:28:56+00:00","mainEntityOfPage":{"@id":"https:\/\/lasventastour.com\/it\/il-paseillo\/"},"wordCount":523,"commentCount":0,"publisher":{"@id":"https:\/\/lasventastour.com\/it\/#organization"},"image":{"@id":"https:\/\/lasventastour.com\/it\/il-paseillo\/#primaryimage"},"thumbnailUrl":"https:\/\/lasventastour.com\/wp-content\/uploads\/2023\/12\/el-paseillo.webp","articleSection":["Curiosit\u00e0"],"inLanguage":"it-IT","potentialAction":[{"@type":"CommentAction","name":"Comment","target":["https:\/\/lasventastour.com\/it\/il-paseillo\/#respond"]}]},{"@type":"WebPage","@id":"https:\/\/lasventastour.com\/it\/il-paseillo\/","url":"https:\/\/lasventastour.com\/it\/il-paseillo\/","name":"Cos'\u00e8 Paseillo? | Curiosit\u00e0 sulla corrida","isPartOf":{"@id":"https:\/\/lasventastour.com\/it\/#website"},"primaryImageOfPage":{"@id":"https:\/\/lasventastour.com\/it\/il-paseillo\/#primaryimage"},"image":{"@id":"https:\/\/lasventastour.com\/it\/il-paseillo\/#primaryimage"},"thumbnailUrl":"https:\/\/lasventastour.com\/wp-content\/uploads\/2023\/12\/el-paseillo.webp","datePublished":"2023-12-05T15:53:32+00:00","dateModified":"2024-09-11T08:28:56+00:00","description":"Scopri cos'\u00e8 la corrida e tutta l'arte che racchiude questa meravigliosa messa in scena della corrida [Curiosidades]","breadcrumb":{"@id":"https:\/\/lasventastour.com\/it\/il-paseillo\/#breadcrumb"},"inLanguage":"it-IT","potentialAction":[{"@type":"ReadAction","target":["https:\/\/lasventastour.com\/it\/il-paseillo\/"]}]},{"@type":"ImageObject","inLanguage":"it-IT","@id":"https:\/\/lasventastour.com\/it\/il-paseillo\/#primaryimage","url":"https:\/\/lasventastour.com\/wp-content\/uploads\/2023\/12\/el-paseillo.webp","contentUrl":"https:\/\/lasventastour.com\/wp-content\/uploads\/2023\/12\/el-paseillo.webp","width":750,"height":535,"caption":"la camminata del torero"},{"@type":"BreadcrumbList","@id":"https:\/\/lasventastour.com\/it\/il-paseillo\/#breadcrumb","itemListElement":[{"@type":"ListItem","position":1,"name":"Portada","item":"https:\/\/lasventastour.com\/it\/"},{"@type":"ListItem","position":2,"name":"Il pase\u00edllo"}]},{"@type":"WebSite","@id":"https:\/\/lasventastour.com\/it\/#website","url":"https:\/\/lasventastour.com\/it\/","name":"Las Ventas Tour","description":"Tour Las Ventas | Plaza de Toros de Madrid | Web Oficial","publisher":{"@id":"https:\/\/lasventastour.com\/it\/#organization"},"alternateName":"Las Ventas Tour","potentialAction":[{"@type":"SearchAction","target":{"@type":"EntryPoint","urlTemplate":"https:\/\/lasventastour.com\/it\/?s={search_term_string}"},"query-input":{"@type":"PropertyValueSpecification","valueRequired":true,"valueName":"search_term_string"}}],"inLanguage":"it-IT"},{"@type":"Organization","@id":"https:\/\/lasventastour.com\/it\/#organization","name":"Las Ventas Tour","alternateName":"Las Ventas Tour","url":"https:\/\/lasventastour.com\/it\/","logo":{"@type":"ImageObject","inLanguage":"it-IT","@id":"https:\/\/lasventastour.com\/it\/#\/schema\/logo\/image\/","url":"https:\/\/lasventastour.com\/wp-content\/uploads\/2024\/09\/cropped-Logo-Las-Ventas-1.webp","contentUrl":"https:\/\/lasventastour.com\/wp-content\/uploads\/2024\/09\/cropped-Logo-Las-Ventas-1.webp","width":512,"height":512,"caption":"Las Ventas Tour"},"image":{"@id":"https:\/\/lasventastour.com\/it\/#\/schema\/logo\/image\/"},"sameAs":["https:\/\/www.instagram.com\/lasventastour\/"]},{"@type":"Person","@id":"https:\/\/lasventastour.com\/it\/#\/schema\/person\/1929dadef5851db38bb10e82da906c66","name":"Marketing","image":{"@type":"ImageObject","inLanguage":"it-IT","@id":"https:\/\/lasventastour.com\/wp-content\/litespeed\/avatar\/784dc806a7d23845afc4e9cc8c15fe87.jpg?ver=1777381323","url":"https:\/\/lasventastour.com\/wp-content\/litespeed\/avatar\/784dc806a7d23845afc4e9cc8c15fe87.jpg?ver=1777381323","contentUrl":"https:\/\/lasventastour.com\/wp-content\/litespeed\/avatar\/784dc806a7d23845afc4e9cc8c15fe87.jpg?ver=1777381323","caption":"Marketing"},"url":"https:\/\/lasventastour.com\/it\/author\/admin_6om2e6u0\/"}]}},"_links":{"self":[{"href":"https:\/\/lasventastour.com\/it\/wp-json\/wp\/v2\/posts\/3077","targetHints":{"allow":["GET"]}}],"collection":[{"href":"https:\/\/lasventastour.com\/it\/wp-json\/wp\/v2\/posts"}],"about":[{"href":"https:\/\/lasventastour.com\/it\/wp-json\/wp\/v2\/types\/post"}],"author":[{"embeddable":true,"href":"https:\/\/lasventastour.com\/it\/wp-json\/wp\/v2\/users\/1"}],"replies":[{"embeddable":true,"href":"https:\/\/lasventastour.com\/it\/wp-json\/wp\/v2\/comments?post=3077"}],"version-history":[{"count":2,"href":"https:\/\/lasventastour.com\/it\/wp-json\/wp\/v2\/posts\/3077\/revisions"}],"predecessor-version":[{"id":3079,"href":"https:\/\/lasventastour.com\/it\/wp-json\/wp\/v2\/posts\/3077\/revisions\/3079"}],"wp:featuredmedia":[{"embeddable":true,"href":"https:\/\/lasventastour.com\/it\/wp-json\/wp\/v2\/media\/1414"}],"wp:attachment":[{"href":"https:\/\/lasventastour.com\/it\/wp-json\/wp\/v2\/media?parent=3077"}],"wp:term":[{"taxonomy":"category","embeddable":true,"href":"https:\/\/lasventastour.com\/it\/wp-json\/wp\/v2\/categories?post=3077"},{"taxonomy":"post_tag","embeddable":true,"href":"https:\/\/lasventastour.com\/it\/wp-json\/wp\/v2\/tags?post=3077"}],"curies":[{"name":"wp","href":"https:\/\/api.w.org\/{rel}","templated":true}]}}