{"id":3056,"date":"2023-12-14T14:58:32","date_gmt":"2023-12-14T14:58:32","guid":{"rendered":"https:\/\/lasventastour.com\/larena\/"},"modified":"2024-09-13T10:43:13","modified_gmt":"2024-09-13T10:43:13","slug":"il-ruedo","status":"publish","type":"post","link":"https:\/\/lasventastour.com\/it\/il-ruedo\/","title":{"rendered":"L&#8217;arena"},"content":{"rendered":"<section class=\"l-section wpb_row height_medium\"><div class=\"l-section-h i-cf\"><div class=\"g-cols vc_row via_grid cols_1 laptops-cols_inherit tablets-cols_inherit mobiles-cols_1 valign_top type_default stacking_default\"><div class=\"wpb_column vc_column_container\"><div class=\"vc_column-inner\"><div class=\"wpb_text_column\"><div class=\"wpb_wrapper\"><p>In questo post parleremo dell&#8217;arena delle arene, a cosa servono e alcune delle loro caratteristiche, soffermandoci sull&#8217;arena delle aste. Vediamola!<\/p>\n<h2>Cos&#8217;\u00e8 l&#8217;anello della piazza?<\/h2>\n<p>Il termine &#8220;ring&#8221; \u00e8 comunemente usato per riferirsi all&#8217;area circolare al centro dell&#8217;arena dove si svolgono le corride. In questo contesto, &#8220;I roll&#8221; \u00e8 sinonimo di &#8220;sabbia&#8221; o &#8220;pista&#8221;. e ha una serie di caratteristiche che accomunano tutte le piazze del mondo.<\/p>\n<h3>Caratteristiche dell&#8217;arena:<\/h3>\n<ul>\n<li><strong>Com&#8217;\u00e8 la sabbia?<\/strong> La sabbia di Las Ventas non \u00e8 una sabbia qualsiasi, ma viene portata dai fiumi di tutta la Spagna. Il motivo \u00e8 che questo tipo di sabbia permette all&#8217;acqua piovana di filtrare pi\u00f9 velocemente perch\u00e9 non \u00e8 adatta all&#8217;allagamento dell&#8217;arena per le corride.<\/li>\n<li><strong>Sul terreno sono tracciate due linee:<\/strong> Hanno una funzionalit\u00e0 specifica:<\/li>\n<\/ul>\n<p>&nbsp;<\/p>\n<ul>\n<li style=\"list-style-type: none;\">\n<ul>\n<li><strong>Linea degli equipaggi: <\/strong>segna il limite tra l&#8217;arena e lo spazio in cui si trovano i toreri, i picadori e gli altri partecipanti prima dell&#8217;inizio della corrida.<\/li>\n<li><strong>Linea Picadores: <\/strong>Indica la distanza alla quale devono trovarsi i picadores quando svolgono il loro compito con il toro.<\/li>\n<\/ul>\n<\/li>\n<\/ul>\n<p>&nbsp;<\/p>\n<ul>\n<li><strong>L&#8217;anello non \u00e8 rotondo, \u00e8 convesso:<\/strong> Come abbiamo gi\u00e0 detto prima, non \u00e8 bene che l&#8217;anello abbia acqua quindi rendendolo convesso permette all&#8217;acqua di defluire meglio.<\/li>\n<\/ul>\n<\/div><\/div><\/div><\/div><\/div><\/div><\/section>\n","protected":false},"excerpt":{"rendered":"In questo post parleremo dell&#8217;arena delle arene, a cosa servono e alcune delle loro caratteristiche, soffermandoci sull&#8217;arena delle aste. Vediamola! Cos&#8217;\u00e8 l&#8217;anello della piazza? Il termine &#8220;ring&#8221; \u00e8 comunemente usato per riferirsi all&#8217;area circolare al centro dell&#8217;arena dove si svolgono le corride. In questo contesto, &#8220;I roll&#8221; \u00e8 sinonimo di &#8220;sabbia&#8221; o &#8220;pista&#8221;. e ha...","protected":false},"author":1,"featured_media":1450,"comment_status":"open","ping_status":"open","sticky":false,"template":"","format":"standard","meta":{"footnotes":""},"categories":[45],"tags":[],"class_list":["post-3056","post","type-post","status-publish","format-standard","has-post-thumbnail","hentry","category-curiosita"],"yoast_head":"<!-- This site is optimized with the Yoast SEO plugin v27.5 - https:\/\/yoast.com\/product\/yoast-seo-wordpress\/ -->\n<title>L&#039;Arena | Caratteristiche e curiosit\u00e0<\/title>\n<meta name=\"description\" content=\"Scopri cos&#039;\u00e8 l&#039;arena, le sue curiosit\u00e0 e le caratteristiche pi\u00f9 importanti. [Plaza toros Las Ventas]\" \/>\n<meta name=\"robots\" content=\"index, follow, max-snippet:-1, max-image-preview:large, max-video-preview:-1\" \/>\n<link rel=\"canonical\" href=\"https:\/\/lasventastour.com\/it\/il-ruedo\/\" \/>\n<meta property=\"og:locale\" content=\"it_IT\" \/>\n<meta property=\"og:type\" content=\"article\" \/>\n<meta property=\"og:title\" content=\"L&#039;Arena | Caratteristiche e curiosit\u00e0\" \/>\n<meta property=\"og:description\" content=\"Scopri cos&#039;\u00e8 l&#039;arena, le sue curiosit\u00e0 e le caratteristiche pi\u00f9 importanti. [Plaza toros Las Ventas]\" \/>\n<meta property=\"og:url\" content=\"https:\/\/lasventastour.com\/it\/il-ruedo\/\" \/>\n<meta property=\"og:site_name\" content=\"Las Ventas Tour\" \/>\n<meta property=\"article:published_time\" content=\"2023-12-14T14:58:32+00:00\" \/>\n<meta property=\"article:modified_time\" content=\"2024-09-13T10:43:13+00:00\" \/>\n<meta property=\"og:image\" content=\"https:\/\/lasventastour.com\/wp-content\/uploads\/2023\/12\/el-ruedo.webp\" \/>\n\t<meta property=\"og:image:width\" content=\"750\" \/>\n\t<meta property=\"og:image:height\" content=\"535\" \/>\n\t<meta property=\"og:image:type\" content=\"image\/webp\" \/>\n<meta name=\"author\" content=\"Marketing\" \/>\n<meta name=\"twitter:card\" content=\"summary_large_image\" \/>\n<meta name=\"twitter:label1\" content=\"Scritto da\" \/>\n\t<meta name=\"twitter:data1\" content=\"Marketing\" \/>\n\t<meta name=\"twitter:label2\" content=\"Tempo di lettura stimato\" \/>\n\t<meta name=\"twitter:data2\" content=\"2 minuto\" \/>\n<script type=\"application\/ld+json\" class=\"yoast-schema-graph\">{\"@context\":\"https:\\\/\\\/schema.org\",\"@graph\":[{\"@type\":\"Article\",\"@id\":\"https:\\\/\\\/lasventastour.com\\\/it\\\/il-ruedo\\\/#article\",\"isPartOf\":{\"@id\":\"https:\\\/\\\/lasventastour.com\\\/it\\\/il-ruedo\\\/\"},\"author\":{\"name\":\"Marketing\",\"@id\":\"https:\\\/\\\/lasventastour.com\\\/it\\\/#\\\/schema\\\/person\\\/1929dadef5851db38bb10e82da906c66\"},\"headline\":\"L&#8217;arena\",\"datePublished\":\"2023-12-14T14:58:32+00:00\",\"dateModified\":\"2024-09-13T10:43:13+00:00\",\"mainEntityOfPage\":{\"@id\":\"https:\\\/\\\/lasventastour.com\\\/it\\\/il-ruedo\\\/\"},\"wordCount\":221,\"commentCount\":0,\"publisher\":{\"@id\":\"https:\\\/\\\/lasventastour.com\\\/it\\\/#organization\"},\"image\":{\"@id\":\"https:\\\/\\\/lasventastour.com\\\/it\\\/il-ruedo\\\/#primaryimage\"},\"thumbnailUrl\":\"https:\\\/\\\/lasventastour.com\\\/wp-content\\\/uploads\\\/2023\\\/12\\\/el-ruedo.webp\",\"articleSection\":[\"Curiosit\u00e0\"],\"inLanguage\":\"it-IT\",\"potentialAction\":[{\"@type\":\"CommentAction\",\"name\":\"Comment\",\"target\":[\"https:\\\/\\\/lasventastour.com\\\/it\\\/il-ruedo\\\/#respond\"]}]},{\"@type\":\"WebPage\",\"@id\":\"https:\\\/\\\/lasventastour.com\\\/it\\\/il-ruedo\\\/\",\"url\":\"https:\\\/\\\/lasventastour.com\\\/it\\\/il-ruedo\\\/\",\"name\":\"L'Arena | Caratteristiche e curiosit\u00e0\",\"isPartOf\":{\"@id\":\"https:\\\/\\\/lasventastour.com\\\/it\\\/#website\"},\"primaryImageOfPage\":{\"@id\":\"https:\\\/\\\/lasventastour.com\\\/it\\\/il-ruedo\\\/#primaryimage\"},\"image\":{\"@id\":\"https:\\\/\\\/lasventastour.com\\\/it\\\/il-ruedo\\\/#primaryimage\"},\"thumbnailUrl\":\"https:\\\/\\\/lasventastour.com\\\/wp-content\\\/uploads\\\/2023\\\/12\\\/el-ruedo.webp\",\"datePublished\":\"2023-12-14T14:58:32+00:00\",\"dateModified\":\"2024-09-13T10:43:13+00:00\",\"description\":\"Scopri cos'\u00e8 l'arena, le sue curiosit\u00e0 e le caratteristiche pi\u00f9 importanti. [Plaza toros Las Ventas]\",\"breadcrumb\":{\"@id\":\"https:\\\/\\\/lasventastour.com\\\/it\\\/il-ruedo\\\/#breadcrumb\"},\"inLanguage\":\"it-IT\",\"potentialAction\":[{\"@type\":\"ReadAction\",\"target\":[\"https:\\\/\\\/lasventastour.com\\\/it\\\/il-ruedo\\\/\"]}]},{\"@type\":\"ImageObject\",\"inLanguage\":\"it-IT\",\"@id\":\"https:\\\/\\\/lasventastour.com\\\/it\\\/il-ruedo\\\/#primaryimage\",\"url\":\"https:\\\/\\\/lasventastour.com\\\/wp-content\\\/uploads\\\/2023\\\/12\\\/el-ruedo.webp\",\"contentUrl\":\"https:\\\/\\\/lasventastour.com\\\/wp-content\\\/uploads\\\/2023\\\/12\\\/el-ruedo.webp\",\"width\":750,\"height\":535,\"caption\":\"Kapelle der Stierkampfarena\"},{\"@type\":\"BreadcrumbList\",\"@id\":\"https:\\\/\\\/lasventastour.com\\\/it\\\/il-ruedo\\\/#breadcrumb\",\"itemListElement\":[{\"@type\":\"ListItem\",\"position\":1,\"name\":\"Portada\",\"item\":\"https:\\\/\\\/lasventastour.com\\\/it\\\/\"},{\"@type\":\"ListItem\",\"position\":2,\"name\":\"L&#8217;arena\"}]},{\"@type\":\"WebSite\",\"@id\":\"https:\\\/\\\/lasventastour.com\\\/it\\\/#website\",\"url\":\"https:\\\/\\\/lasventastour.com\\\/it\\\/\",\"name\":\"Las Ventas Tour\",\"description\":\"Tour Las Ventas | Plaza de Toros de Madrid | Web Oficial\",\"publisher\":{\"@id\":\"https:\\\/\\\/lasventastour.com\\\/it\\\/#organization\"},\"alternateName\":\"Las Ventas Tour\",\"potentialAction\":[{\"@type\":\"SearchAction\",\"target\":{\"@type\":\"EntryPoint\",\"urlTemplate\":\"https:\\\/\\\/lasventastour.com\\\/it\\\/?s={search_term_string}\"},\"query-input\":{\"@type\":\"PropertyValueSpecification\",\"valueRequired\":true,\"valueName\":\"search_term_string\"}}],\"inLanguage\":\"it-IT\"},{\"@type\":\"Organization\",\"@id\":\"https:\\\/\\\/lasventastour.com\\\/it\\\/#organization\",\"name\":\"Las Ventas Tour\",\"alternateName\":\"Las Ventas Tour\",\"url\":\"https:\\\/\\\/lasventastour.com\\\/it\\\/\",\"logo\":{\"@type\":\"ImageObject\",\"inLanguage\":\"it-IT\",\"@id\":\"https:\\\/\\\/lasventastour.com\\\/it\\\/#\\\/schema\\\/logo\\\/image\\\/\",\"url\":\"https:\\\/\\\/lasventastour.com\\\/wp-content\\\/uploads\\\/2024\\\/09\\\/cropped-Logo-Las-Ventas-1.webp\",\"contentUrl\":\"https:\\\/\\\/lasventastour.com\\\/wp-content\\\/uploads\\\/2024\\\/09\\\/cropped-Logo-Las-Ventas-1.webp\",\"width\":512,\"height\":512,\"caption\":\"Las Ventas Tour\"},\"image\":{\"@id\":\"https:\\\/\\\/lasventastour.com\\\/it\\\/#\\\/schema\\\/logo\\\/image\\\/\"},\"sameAs\":[\"https:\\\/\\\/www.instagram.com\\\/lasventastour\\\/\"]},{\"@type\":\"Person\",\"@id\":\"https:\\\/\\\/lasventastour.com\\\/it\\\/#\\\/schema\\\/person\\\/1929dadef5851db38bb10e82da906c66\",\"name\":\"Marketing\",\"image\":{\"@type\":\"ImageObject\",\"inLanguage\":\"it-IT\",\"@id\":\"https:\\\/\\\/lasventastour.com\\\/wp-content\\\/litespeed\\\/avatar\\\/784dc806a7d23845afc4e9cc8c15fe87.jpg?ver=1777381323\",\"url\":\"https:\\\/\\\/lasventastour.com\\\/wp-content\\\/litespeed\\\/avatar\\\/784dc806a7d23845afc4e9cc8c15fe87.jpg?ver=1777381323\",\"contentUrl\":\"https:\\\/\\\/lasventastour.com\\\/wp-content\\\/litespeed\\\/avatar\\\/784dc806a7d23845afc4e9cc8c15fe87.jpg?ver=1777381323\",\"caption\":\"Marketing\"},\"url\":\"https:\\\/\\\/lasventastour.com\\\/it\\\/author\\\/admin_6om2e6u0\\\/\"}]}<\/script>\n<!-- \/ Yoast SEO plugin. -->","yoast_head_json":{"title":"L'Arena | Caratteristiche e curiosit\u00e0","description":"Scopri cos'\u00e8 l'arena, le sue curiosit\u00e0 e le caratteristiche pi\u00f9 importanti. [Plaza toros Las Ventas]","robots":{"index":"index","follow":"follow","max-snippet":"max-snippet:-1","max-image-preview":"max-image-preview:large","max-video-preview":"max-video-preview:-1"},"canonical":"https:\/\/lasventastour.com\/it\/il-ruedo\/","og_locale":"it_IT","og_type":"article","og_title":"L'Arena | Caratteristiche e curiosit\u00e0","og_description":"Scopri cos'\u00e8 l'arena, le sue curiosit\u00e0 e le caratteristiche pi\u00f9 importanti. [Plaza toros Las Ventas]","og_url":"https:\/\/lasventastour.com\/it\/il-ruedo\/","og_site_name":"Las Ventas Tour","article_published_time":"2023-12-14T14:58:32+00:00","article_modified_time":"2024-09-13T10:43:13+00:00","og_image":[{"width":750,"height":535,"url":"https:\/\/lasventastour.com\/wp-content\/uploads\/2023\/12\/el-ruedo.webp","type":"image\/webp"}],"author":"Marketing","twitter_card":"summary_large_image","twitter_misc":{"Scritto da":"Marketing","Tempo di lettura stimato":"2 minuto"},"schema":{"@context":"https:\/\/schema.org","@graph":[{"@type":"Article","@id":"https:\/\/lasventastour.com\/it\/il-ruedo\/#article","isPartOf":{"@id":"https:\/\/lasventastour.com\/it\/il-ruedo\/"},"author":{"name":"Marketing","@id":"https:\/\/lasventastour.com\/it\/#\/schema\/person\/1929dadef5851db38bb10e82da906c66"},"headline":"L&#8217;arena","datePublished":"2023-12-14T14:58:32+00:00","dateModified":"2024-09-13T10:43:13+00:00","mainEntityOfPage":{"@id":"https:\/\/lasventastour.com\/it\/il-ruedo\/"},"wordCount":221,"commentCount":0,"publisher":{"@id":"https:\/\/lasventastour.com\/it\/#organization"},"image":{"@id":"https:\/\/lasventastour.com\/it\/il-ruedo\/#primaryimage"},"thumbnailUrl":"https:\/\/lasventastour.com\/wp-content\/uploads\/2023\/12\/el-ruedo.webp","articleSection":["Curiosit\u00e0"],"inLanguage":"it-IT","potentialAction":[{"@type":"CommentAction","name":"Comment","target":["https:\/\/lasventastour.com\/it\/il-ruedo\/#respond"]}]},{"@type":"WebPage","@id":"https:\/\/lasventastour.com\/it\/il-ruedo\/","url":"https:\/\/lasventastour.com\/it\/il-ruedo\/","name":"L'Arena | Caratteristiche e curiosit\u00e0","isPartOf":{"@id":"https:\/\/lasventastour.com\/it\/#website"},"primaryImageOfPage":{"@id":"https:\/\/lasventastour.com\/it\/il-ruedo\/#primaryimage"},"image":{"@id":"https:\/\/lasventastour.com\/it\/il-ruedo\/#primaryimage"},"thumbnailUrl":"https:\/\/lasventastour.com\/wp-content\/uploads\/2023\/12\/el-ruedo.webp","datePublished":"2023-12-14T14:58:32+00:00","dateModified":"2024-09-13T10:43:13+00:00","description":"Scopri cos'\u00e8 l'arena, le sue curiosit\u00e0 e le caratteristiche pi\u00f9 importanti. [Plaza toros Las Ventas]","breadcrumb":{"@id":"https:\/\/lasventastour.com\/it\/il-ruedo\/#breadcrumb"},"inLanguage":"it-IT","potentialAction":[{"@type":"ReadAction","target":["https:\/\/lasventastour.com\/it\/il-ruedo\/"]}]},{"@type":"ImageObject","inLanguage":"it-IT","@id":"https:\/\/lasventastour.com\/it\/il-ruedo\/#primaryimage","url":"https:\/\/lasventastour.com\/wp-content\/uploads\/2023\/12\/el-ruedo.webp","contentUrl":"https:\/\/lasventastour.com\/wp-content\/uploads\/2023\/12\/el-ruedo.webp","width":750,"height":535,"caption":"Kapelle der Stierkampfarena"},{"@type":"BreadcrumbList","@id":"https:\/\/lasventastour.com\/it\/il-ruedo\/#breadcrumb","itemListElement":[{"@type":"ListItem","position":1,"name":"Portada","item":"https:\/\/lasventastour.com\/it\/"},{"@type":"ListItem","position":2,"name":"L&#8217;arena"}]},{"@type":"WebSite","@id":"https:\/\/lasventastour.com\/it\/#website","url":"https:\/\/lasventastour.com\/it\/","name":"Las Ventas Tour","description":"Tour Las Ventas | Plaza de Toros de Madrid | Web Oficial","publisher":{"@id":"https:\/\/lasventastour.com\/it\/#organization"},"alternateName":"Las Ventas Tour","potentialAction":[{"@type":"SearchAction","target":{"@type":"EntryPoint","urlTemplate":"https:\/\/lasventastour.com\/it\/?s={search_term_string}"},"query-input":{"@type":"PropertyValueSpecification","valueRequired":true,"valueName":"search_term_string"}}],"inLanguage":"it-IT"},{"@type":"Organization","@id":"https:\/\/lasventastour.com\/it\/#organization","name":"Las Ventas Tour","alternateName":"Las Ventas Tour","url":"https:\/\/lasventastour.com\/it\/","logo":{"@type":"ImageObject","inLanguage":"it-IT","@id":"https:\/\/lasventastour.com\/it\/#\/schema\/logo\/image\/","url":"https:\/\/lasventastour.com\/wp-content\/uploads\/2024\/09\/cropped-Logo-Las-Ventas-1.webp","contentUrl":"https:\/\/lasventastour.com\/wp-content\/uploads\/2024\/09\/cropped-Logo-Las-Ventas-1.webp","width":512,"height":512,"caption":"Las Ventas Tour"},"image":{"@id":"https:\/\/lasventastour.com\/it\/#\/schema\/logo\/image\/"},"sameAs":["https:\/\/www.instagram.com\/lasventastour\/"]},{"@type":"Person","@id":"https:\/\/lasventastour.com\/it\/#\/schema\/person\/1929dadef5851db38bb10e82da906c66","name":"Marketing","image":{"@type":"ImageObject","inLanguage":"it-IT","@id":"https:\/\/lasventastour.com\/wp-content\/litespeed\/avatar\/784dc806a7d23845afc4e9cc8c15fe87.jpg?ver=1777381323","url":"https:\/\/lasventastour.com\/wp-content\/litespeed\/avatar\/784dc806a7d23845afc4e9cc8c15fe87.jpg?ver=1777381323","contentUrl":"https:\/\/lasventastour.com\/wp-content\/litespeed\/avatar\/784dc806a7d23845afc4e9cc8c15fe87.jpg?ver=1777381323","caption":"Marketing"},"url":"https:\/\/lasventastour.com\/it\/author\/admin_6om2e6u0\/"}]}},"_links":{"self":[{"href":"https:\/\/lasventastour.com\/it\/wp-json\/wp\/v2\/posts\/3056","targetHints":{"allow":["GET"]}}],"collection":[{"href":"https:\/\/lasventastour.com\/it\/wp-json\/wp\/v2\/posts"}],"about":[{"href":"https:\/\/lasventastour.com\/it\/wp-json\/wp\/v2\/types\/post"}],"author":[{"embeddable":true,"href":"https:\/\/lasventastour.com\/it\/wp-json\/wp\/v2\/users\/1"}],"replies":[{"embeddable":true,"href":"https:\/\/lasventastour.com\/it\/wp-json\/wp\/v2\/comments?post=3056"}],"version-history":[{"count":3,"href":"https:\/\/lasventastour.com\/it\/wp-json\/wp\/v2\/posts\/3056\/revisions"}],"predecessor-version":[{"id":3447,"href":"https:\/\/lasventastour.com\/it\/wp-json\/wp\/v2\/posts\/3056\/revisions\/3447"}],"wp:featuredmedia":[{"embeddable":true,"href":"https:\/\/lasventastour.com\/it\/wp-json\/wp\/v2\/media\/1450"}],"wp:attachment":[{"href":"https:\/\/lasventastour.com\/it\/wp-json\/wp\/v2\/media?parent=3056"}],"wp:term":[{"taxonomy":"category","embeddable":true,"href":"https:\/\/lasventastour.com\/it\/wp-json\/wp\/v2\/categories?post=3056"},{"taxonomy":"post_tag","embeddable":true,"href":"https:\/\/lasventastour.com\/it\/wp-json\/wp\/v2\/tags?post=3056"}],"curies":[{"name":"wp","href":"https:\/\/api.w.org\/{rel}","templated":true}]}}