{"id":3112,"date":"2023-12-05T15:18:39","date_gmt":"2023-12-05T15:18:39","guid":{"rendered":"https:\/\/lasventastour.com\/infirmerie-de-las-ventas\/"},"modified":"2024-09-11T09:11:24","modified_gmt":"2024-09-11T09:11:24","slug":"infirmerie-de-las-ventas","status":"publish","type":"post","link":"https:\/\/lasventastour.com\/fr\/infirmerie-de-las-ventas\/","title":{"rendered":"Infirmerie de Las Ventas"},"content":{"rendered":"<section class=\"l-section wpb_row height_medium\"><div class=\"l-section-h i-cf\"><div class=\"g-cols vc_row via_grid cols_1 laptops-cols_inherit tablets-cols_inherit mobiles-cols_1 valign_top type_default stacking_default\"><div class=\"wpb_column vc_column_container\"><div class=\"vc_column-inner\"><div class=\"wpb_text_column\"><div class=\"wpb_wrapper\"><p>A c\u00f4t\u00e9 de la Cour des Chevaux, derri\u00e8re un grand portail en bois, se cache l&rsquo;infirmerie des premi\u00e8res ar\u00e8nes du monde. Depuis l&rsquo;inauguration de Las Ventas, cet espace a subi de nombreuses r\u00e9novations pour l&rsquo;adapter aux nouvelles avanc\u00e9es chirurgicales. Aujourd&rsquo;hui, il peut \u00eatre consid\u00e9r\u00e9 comme un h\u00f4pital.<\/p>\n<\/div><\/div><div class=\"w-separator size_medium\"><\/div><div class=\"w-video align_center ratio_16x9 has_iframe\"><div class=\"w-video-h\"><iframe title=\"Youtube video player\" src=\"\/\/www.youtube.com\/embed\/zn531K5Zakw?autoplay=0&controls=1&origin=https:\/\/lasventastour.com\/fr\/&loop=0&mute=0\" allowfullscreen=\"1\" loading=\"lazy\"><\/iframe><\/div><\/div><\/div><\/div><\/div><\/div><\/section><section class=\"l-section wpb_row height_medium\"><div class=\"l-section-h i-cf\"><div class=\"g-cols vc_row via_grid cols_1 laptops-cols_inherit tablets-cols_inherit mobiles-cols_1 valign_top type_default stacking_default\"><div class=\"wpb_column vc_column_container\"><div class=\"vc_column-inner\"><div class=\"wpb_text_column\"><div class=\"wpb_wrapper\"><p><strong>L&rsquo;infirmerie de Las Ventas s&rsquo;adresse \u00e0 tout type de public :<\/strong> spectateurs, ouvriers de la place et, bien s\u00fbr, toreros. Lorsqu&rsquo;un torero est attrap\u00e9, il est emmen\u00e9 par ses compagnons jusqu&rsquo;\u00e0 la salle d&rsquo;observation, o\u00f9 il re\u00e7oit une premi\u00e8re \u00e9valuation. S&rsquo;il s&rsquo;av\u00e8re que la personne bless\u00e9e a besoin de soins chirurgicaux, on avertit le porteur d&rsquo;\u00e9p\u00e9e, qui d\u00e9shabille le torero, en \u00e9vitant, autant que possible, de couper la combinaison l\u00e9g\u00e8re. Par curiosit\u00e9, \u00e0 l&rsquo;int\u00e9rieur de l&rsquo;infirmerie se trouve une t\u00e9l\u00e9vision \u00e0 travers laquelle l&rsquo;\u00e9quipe m\u00e9dicale suit de pr\u00e8s les baises ; Ainsi, lorsque le torero arrive \u00e0 la salle d&rsquo;observation, il conna\u00eet presque parfaitement le lieu, l&rsquo;\u00e9tendue et les trajectoires de l&rsquo;encornage. <strong>\u00c0 l&rsquo;infirmerie de Las Ventas<\/strong>, dirig\u00e9e par l&rsquo;\u00e9quipe du Dr M\u00e1ximo Garc\u00eda Padr\u00f3s, sont r\u00e9alis\u00e9es les principales cures, celles de la plus grande urgence et de la plus grande ampleur. Ensuite, la personne bless\u00e9e est transf\u00e9r\u00e9e dans une unit\u00e9 de soins intensifs mobile vers un h\u00f4pital, o\u00f9 sa convalescence se poursuit. Des centaines de vies ont \u00e9t\u00e9 sauv\u00e9es entre les murs de Las Ventas, parfois miraculeusement, gr\u00e2ce \u00e0 la ma\u00eetrise de ses m\u00e9decins.       <\/p>\n<h2>Combien de personnes sont mortes ?<\/h2>\n<p> Depuis l&rsquo;inauguration de Las Ventas, seules cinq personnes sont mortes dans cette infirmerie : deux toreros, deux banderilleros et un charpentier. Cela d\u00e9montre le bon travail, l\u2019exp\u00e9rience et le professionnalisme des infirmi\u00e8res des ventes.<\/p>\n<\/div><\/div><\/div><\/div><\/div><\/div><\/section>\n","protected":false},"excerpt":{"rendered":"A c\u00f4t\u00e9 de la Cour des Chevaux, derri\u00e8re un grand portail en bois, se cache l&rsquo;infirmerie des premi\u00e8res ar\u00e8nes du monde. Depuis l&rsquo;inauguration de Las Ventas, cet espace a subi de nombreuses r\u00e9novations pour l&rsquo;adapter aux nouvelles avanc\u00e9es chirurgicales. Aujourd&rsquo;hui, il peut \u00eatre consid\u00e9r\u00e9 comme un h\u00f4pital. L&rsquo;infirmerie de Las Ventas s&rsquo;adresse \u00e0 tout type...","protected":false},"author":1,"featured_media":1058,"comment_status":"open","ping_status":"open","sticky":false,"template":"","format":"standard","meta":{"footnotes":""},"categories":[43],"tags":[],"class_list":["post-3112","post","type-post","status-publish","format-standard","has-post-thumbnail","hentry","category-curiosites"],"yoast_head":"<!-- This site is optimized with the Yoast SEO plugin v27.5 - https:\/\/yoast.com\/product\/yoast-seo-wordpress\/ -->\n<title>\u25b7 Soins infirmiers Las Ventas | Curiosit\u00e9s et Histoire<\/title>\n<meta name=\"description\" content=\"D\u00e9couvrez le lieu qu&#039;aucun torero ne veut visiter, l&#039;infirmerie des ar\u00e8nes de Las Ventas de Madrid [Fotograf\u00edas y v\u00eddeos]\" \/>\n<meta name=\"robots\" content=\"index, follow, max-snippet:-1, max-image-preview:large, max-video-preview:-1\" \/>\n<link rel=\"canonical\" href=\"https:\/\/lasventastour.com\/fr\/infirmerie-de-las-ventas\/\" \/>\n<meta property=\"og:locale\" content=\"fr_FR\" \/>\n<meta property=\"og:type\" content=\"article\" \/>\n<meta property=\"og:title\" content=\"\u25b7 Soins infirmiers Las Ventas | Curiosit\u00e9s et Histoire\" \/>\n<meta property=\"og:description\" content=\"D\u00e9couvrez le lieu qu&#039;aucun torero ne veut visiter, l&#039;infirmerie des ar\u00e8nes de Las Ventas de Madrid [Fotograf\u00edas y v\u00eddeos]\" \/>\n<meta property=\"og:url\" content=\"https:\/\/lasventastour.com\/fr\/infirmerie-de-las-ventas\/\" \/>\n<meta property=\"og:site_name\" content=\"Las Ventas Tour\" \/>\n<meta property=\"article:published_time\" content=\"2023-12-05T15:18:39+00:00\" \/>\n<meta property=\"article:modified_time\" content=\"2024-09-11T09:11:24+00:00\" \/>\n<meta property=\"og:image\" content=\"https:\/\/lasventastour.com\/wp-content\/uploads\/2023\/11\/enfermeria-plaza-toros.webp\" \/>\n\t<meta property=\"og:image:width\" content=\"750\" \/>\n\t<meta property=\"og:image:height\" content=\"500\" \/>\n\t<meta property=\"og:image:type\" content=\"image\/webp\" \/>\n<meta name=\"author\" content=\"Marketing\" \/>\n<meta name=\"twitter:card\" content=\"summary_large_image\" \/>\n<meta name=\"twitter:label1\" content=\"\u00c9crit par\" \/>\n\t<meta name=\"twitter:data1\" content=\"Marketing\" \/>\n\t<meta name=\"twitter:label2\" content=\"Dur\u00e9e de lecture estim\u00e9e\" \/>\n\t<meta name=\"twitter:data2\" content=\"2 minutes\" \/>\n<script type=\"application\/ld+json\" class=\"yoast-schema-graph\">{\"@context\":\"https:\\\/\\\/schema.org\",\"@graph\":[{\"@type\":\"Article\",\"@id\":\"https:\\\/\\\/lasventastour.com\\\/fr\\\/infirmerie-de-las-ventas\\\/#article\",\"isPartOf\":{\"@id\":\"https:\\\/\\\/lasventastour.com\\\/fr\\\/infirmerie-de-las-ventas\\\/\"},\"author\":{\"name\":\"Marketing\",\"@id\":\"https:\\\/\\\/lasventastour.com\\\/fr\\\/#\\\/schema\\\/person\\\/1929dadef5851db38bb10e82da906c66\"},\"headline\":\"Infirmerie de Las Ventas\",\"datePublished\":\"2023-12-05T15:18:39+00:00\",\"dateModified\":\"2024-09-11T09:11:24+00:00\",\"mainEntityOfPage\":{\"@id\":\"https:\\\/\\\/lasventastour.com\\\/fr\\\/infirmerie-de-las-ventas\\\/\"},\"wordCount\":370,\"commentCount\":0,\"publisher\":{\"@id\":\"https:\\\/\\\/lasventastour.com\\\/fr\\\/#organization\"},\"image\":{\"@id\":\"https:\\\/\\\/lasventastour.com\\\/fr\\\/infirmerie-de-las-ventas\\\/#primaryimage\"},\"thumbnailUrl\":\"https:\\\/\\\/lasventastour.com\\\/wp-content\\\/uploads\\\/2023\\\/11\\\/enfermeria-plaza-toros.webp\",\"articleSection\":[\"Curiosit\u00e9s\"],\"inLanguage\":\"fr-FR\",\"potentialAction\":[{\"@type\":\"CommentAction\",\"name\":\"Comment\",\"target\":[\"https:\\\/\\\/lasventastour.com\\\/fr\\\/infirmerie-de-las-ventas\\\/#respond\"]}]},{\"@type\":\"WebPage\",\"@id\":\"https:\\\/\\\/lasventastour.com\\\/fr\\\/infirmerie-de-las-ventas\\\/\",\"url\":\"https:\\\/\\\/lasventastour.com\\\/fr\\\/infirmerie-de-las-ventas\\\/\",\"name\":\"\u25b7 Soins infirmiers Las Ventas | Curiosit\u00e9s et Histoire\",\"isPartOf\":{\"@id\":\"https:\\\/\\\/lasventastour.com\\\/fr\\\/#website\"},\"primaryImageOfPage\":{\"@id\":\"https:\\\/\\\/lasventastour.com\\\/fr\\\/infirmerie-de-las-ventas\\\/#primaryimage\"},\"image\":{\"@id\":\"https:\\\/\\\/lasventastour.com\\\/fr\\\/infirmerie-de-las-ventas\\\/#primaryimage\"},\"thumbnailUrl\":\"https:\\\/\\\/lasventastour.com\\\/wp-content\\\/uploads\\\/2023\\\/11\\\/enfermeria-plaza-toros.webp\",\"datePublished\":\"2023-12-05T15:18:39+00:00\",\"dateModified\":\"2024-09-11T09:11:24+00:00\",\"description\":\"D\u00e9couvrez le lieu qu'aucun torero ne veut visiter, l'infirmerie des ar\u00e8nes de Las Ventas de Madrid [Fotograf\u00edas y v\u00eddeos]\",\"breadcrumb\":{\"@id\":\"https:\\\/\\\/lasventastour.com\\\/fr\\\/infirmerie-de-las-ventas\\\/#breadcrumb\"},\"inLanguage\":\"fr-FR\",\"potentialAction\":[{\"@type\":\"ReadAction\",\"target\":[\"https:\\\/\\\/lasventastour.com\\\/fr\\\/infirmerie-de-las-ventas\\\/\"]}]},{\"@type\":\"ImageObject\",\"inLanguage\":\"fr-FR\",\"@id\":\"https:\\\/\\\/lasventastour.com\\\/fr\\\/infirmerie-de-las-ventas\\\/#primaryimage\",\"url\":\"https:\\\/\\\/lasventastour.com\\\/wp-content\\\/uploads\\\/2023\\\/11\\\/enfermeria-plaza-toros.webp\",\"contentUrl\":\"https:\\\/\\\/lasventastour.com\\\/wp-content\\\/uploads\\\/2023\\\/11\\\/enfermeria-plaza-toros.webp\",\"width\":750,\"height\":500,\"caption\":\"camillas de la enfermer\u00eda de las ventas\"},{\"@type\":\"BreadcrumbList\",\"@id\":\"https:\\\/\\\/lasventastour.com\\\/fr\\\/infirmerie-de-las-ventas\\\/#breadcrumb\",\"itemListElement\":[{\"@type\":\"ListItem\",\"position\":1,\"name\":\"Portada\",\"item\":\"https:\\\/\\\/lasventastour.com\\\/fr\\\/\"},{\"@type\":\"ListItem\",\"position\":2,\"name\":\"Infirmerie de Las Ventas\"}]},{\"@type\":\"WebSite\",\"@id\":\"https:\\\/\\\/lasventastour.com\\\/fr\\\/#website\",\"url\":\"https:\\\/\\\/lasventastour.com\\\/fr\\\/\",\"name\":\"Las Ventas Tour\",\"description\":\"Tour Las Ventas | Plaza de Toros de Madrid | Web Oficial\",\"publisher\":{\"@id\":\"https:\\\/\\\/lasventastour.com\\\/fr\\\/#organization\"},\"alternateName\":\"Las Ventas Tour\",\"potentialAction\":[{\"@type\":\"SearchAction\",\"target\":{\"@type\":\"EntryPoint\",\"urlTemplate\":\"https:\\\/\\\/lasventastour.com\\\/fr\\\/?s={search_term_string}\"},\"query-input\":{\"@type\":\"PropertyValueSpecification\",\"valueRequired\":true,\"valueName\":\"search_term_string\"}}],\"inLanguage\":\"fr-FR\"},{\"@type\":\"Organization\",\"@id\":\"https:\\\/\\\/lasventastour.com\\\/fr\\\/#organization\",\"name\":\"Las Ventas Tour\",\"alternateName\":\"Las Ventas Tour\",\"url\":\"https:\\\/\\\/lasventastour.com\\\/fr\\\/\",\"logo\":{\"@type\":\"ImageObject\",\"inLanguage\":\"fr-FR\",\"@id\":\"https:\\\/\\\/lasventastour.com\\\/fr\\\/#\\\/schema\\\/logo\\\/image\\\/\",\"url\":\"https:\\\/\\\/lasventastour.com\\\/wp-content\\\/uploads\\\/2024\\\/09\\\/cropped-Logo-Las-Ventas-1.webp\",\"contentUrl\":\"https:\\\/\\\/lasventastour.com\\\/wp-content\\\/uploads\\\/2024\\\/09\\\/cropped-Logo-Las-Ventas-1.webp\",\"width\":512,\"height\":512,\"caption\":\"Las Ventas Tour\"},\"image\":{\"@id\":\"https:\\\/\\\/lasventastour.com\\\/fr\\\/#\\\/schema\\\/logo\\\/image\\\/\"},\"sameAs\":[\"https:\\\/\\\/www.instagram.com\\\/lasventastour\\\/\"]},{\"@type\":\"Person\",\"@id\":\"https:\\\/\\\/lasventastour.com\\\/fr\\\/#\\\/schema\\\/person\\\/1929dadef5851db38bb10e82da906c66\",\"name\":\"Marketing\",\"image\":{\"@type\":\"ImageObject\",\"inLanguage\":\"fr-FR\",\"@id\":\"https:\\\/\\\/lasventastour.com\\\/wp-content\\\/litespeed\\\/avatar\\\/784dc806a7d23845afc4e9cc8c15fe87.jpg?ver=1777381323\",\"url\":\"https:\\\/\\\/lasventastour.com\\\/wp-content\\\/litespeed\\\/avatar\\\/784dc806a7d23845afc4e9cc8c15fe87.jpg?ver=1777381323\",\"contentUrl\":\"https:\\\/\\\/lasventastour.com\\\/wp-content\\\/litespeed\\\/avatar\\\/784dc806a7d23845afc4e9cc8c15fe87.jpg?ver=1777381323\",\"caption\":\"Marketing\"},\"url\":\"https:\\\/\\\/lasventastour.com\\\/fr\\\/author\\\/admin_6om2e6u0\\\/\"}]}<\/script>\n<!-- \/ Yoast SEO plugin. -->","yoast_head_json":{"title":"\u25b7 Soins infirmiers Las Ventas | Curiosit\u00e9s et Histoire","description":"D\u00e9couvrez le lieu qu'aucun torero ne veut visiter, l'infirmerie des ar\u00e8nes de Las Ventas de Madrid [Fotograf\u00edas y v\u00eddeos]","robots":{"index":"index","follow":"follow","max-snippet":"max-snippet:-1","max-image-preview":"max-image-preview:large","max-video-preview":"max-video-preview:-1"},"canonical":"https:\/\/lasventastour.com\/fr\/infirmerie-de-las-ventas\/","og_locale":"fr_FR","og_type":"article","og_title":"\u25b7 Soins infirmiers Las Ventas | Curiosit\u00e9s et Histoire","og_description":"D\u00e9couvrez le lieu qu'aucun torero ne veut visiter, l'infirmerie des ar\u00e8nes de Las Ventas de Madrid [Fotograf\u00edas y v\u00eddeos]","og_url":"https:\/\/lasventastour.com\/fr\/infirmerie-de-las-ventas\/","og_site_name":"Las Ventas Tour","article_published_time":"2023-12-05T15:18:39+00:00","article_modified_time":"2024-09-11T09:11:24+00:00","og_image":[{"width":750,"height":500,"url":"https:\/\/lasventastour.com\/wp-content\/uploads\/2023\/11\/enfermeria-plaza-toros.webp","type":"image\/webp"}],"author":"Marketing","twitter_card":"summary_large_image","twitter_misc":{"\u00c9crit par":"Marketing","Dur\u00e9e de lecture estim\u00e9e":"2 minutes"},"schema":{"@context":"https:\/\/schema.org","@graph":[{"@type":"Article","@id":"https:\/\/lasventastour.com\/fr\/infirmerie-de-las-ventas\/#article","isPartOf":{"@id":"https:\/\/lasventastour.com\/fr\/infirmerie-de-las-ventas\/"},"author":{"name":"Marketing","@id":"https:\/\/lasventastour.com\/fr\/#\/schema\/person\/1929dadef5851db38bb10e82da906c66"},"headline":"Infirmerie de Las Ventas","datePublished":"2023-12-05T15:18:39+00:00","dateModified":"2024-09-11T09:11:24+00:00","mainEntityOfPage":{"@id":"https:\/\/lasventastour.com\/fr\/infirmerie-de-las-ventas\/"},"wordCount":370,"commentCount":0,"publisher":{"@id":"https:\/\/lasventastour.com\/fr\/#organization"},"image":{"@id":"https:\/\/lasventastour.com\/fr\/infirmerie-de-las-ventas\/#primaryimage"},"thumbnailUrl":"https:\/\/lasventastour.com\/wp-content\/uploads\/2023\/11\/enfermeria-plaza-toros.webp","articleSection":["Curiosit\u00e9s"],"inLanguage":"fr-FR","potentialAction":[{"@type":"CommentAction","name":"Comment","target":["https:\/\/lasventastour.com\/fr\/infirmerie-de-las-ventas\/#respond"]}]},{"@type":"WebPage","@id":"https:\/\/lasventastour.com\/fr\/infirmerie-de-las-ventas\/","url":"https:\/\/lasventastour.com\/fr\/infirmerie-de-las-ventas\/","name":"\u25b7 Soins infirmiers Las Ventas | Curiosit\u00e9s et Histoire","isPartOf":{"@id":"https:\/\/lasventastour.com\/fr\/#website"},"primaryImageOfPage":{"@id":"https:\/\/lasventastour.com\/fr\/infirmerie-de-las-ventas\/#primaryimage"},"image":{"@id":"https:\/\/lasventastour.com\/fr\/infirmerie-de-las-ventas\/#primaryimage"},"thumbnailUrl":"https:\/\/lasventastour.com\/wp-content\/uploads\/2023\/11\/enfermeria-plaza-toros.webp","datePublished":"2023-12-05T15:18:39+00:00","dateModified":"2024-09-11T09:11:24+00:00","description":"D\u00e9couvrez le lieu qu'aucun torero ne veut visiter, l'infirmerie des ar\u00e8nes de Las Ventas de Madrid [Fotograf\u00edas y v\u00eddeos]","breadcrumb":{"@id":"https:\/\/lasventastour.com\/fr\/infirmerie-de-las-ventas\/#breadcrumb"},"inLanguage":"fr-FR","potentialAction":[{"@type":"ReadAction","target":["https:\/\/lasventastour.com\/fr\/infirmerie-de-las-ventas\/"]}]},{"@type":"ImageObject","inLanguage":"fr-FR","@id":"https:\/\/lasventastour.com\/fr\/infirmerie-de-las-ventas\/#primaryimage","url":"https:\/\/lasventastour.com\/wp-content\/uploads\/2023\/11\/enfermeria-plaza-toros.webp","contentUrl":"https:\/\/lasventastour.com\/wp-content\/uploads\/2023\/11\/enfermeria-plaza-toros.webp","width":750,"height":500,"caption":"camillas de la enfermer\u00eda de las ventas"},{"@type":"BreadcrumbList","@id":"https:\/\/lasventastour.com\/fr\/infirmerie-de-las-ventas\/#breadcrumb","itemListElement":[{"@type":"ListItem","position":1,"name":"Portada","item":"https:\/\/lasventastour.com\/fr\/"},{"@type":"ListItem","position":2,"name":"Infirmerie de Las Ventas"}]},{"@type":"WebSite","@id":"https:\/\/lasventastour.com\/fr\/#website","url":"https:\/\/lasventastour.com\/fr\/","name":"Las Ventas Tour","description":"Tour Las Ventas | Plaza de Toros de Madrid | Web Oficial","publisher":{"@id":"https:\/\/lasventastour.com\/fr\/#organization"},"alternateName":"Las Ventas Tour","potentialAction":[{"@type":"SearchAction","target":{"@type":"EntryPoint","urlTemplate":"https:\/\/lasventastour.com\/fr\/?s={search_term_string}"},"query-input":{"@type":"PropertyValueSpecification","valueRequired":true,"valueName":"search_term_string"}}],"inLanguage":"fr-FR"},{"@type":"Organization","@id":"https:\/\/lasventastour.com\/fr\/#organization","name":"Las Ventas Tour","alternateName":"Las Ventas Tour","url":"https:\/\/lasventastour.com\/fr\/","logo":{"@type":"ImageObject","inLanguage":"fr-FR","@id":"https:\/\/lasventastour.com\/fr\/#\/schema\/logo\/image\/","url":"https:\/\/lasventastour.com\/wp-content\/uploads\/2024\/09\/cropped-Logo-Las-Ventas-1.webp","contentUrl":"https:\/\/lasventastour.com\/wp-content\/uploads\/2024\/09\/cropped-Logo-Las-Ventas-1.webp","width":512,"height":512,"caption":"Las Ventas Tour"},"image":{"@id":"https:\/\/lasventastour.com\/fr\/#\/schema\/logo\/image\/"},"sameAs":["https:\/\/www.instagram.com\/lasventastour\/"]},{"@type":"Person","@id":"https:\/\/lasventastour.com\/fr\/#\/schema\/person\/1929dadef5851db38bb10e82da906c66","name":"Marketing","image":{"@type":"ImageObject","inLanguage":"fr-FR","@id":"https:\/\/lasventastour.com\/wp-content\/litespeed\/avatar\/784dc806a7d23845afc4e9cc8c15fe87.jpg?ver=1777381323","url":"https:\/\/lasventastour.com\/wp-content\/litespeed\/avatar\/784dc806a7d23845afc4e9cc8c15fe87.jpg?ver=1777381323","contentUrl":"https:\/\/lasventastour.com\/wp-content\/litespeed\/avatar\/784dc806a7d23845afc4e9cc8c15fe87.jpg?ver=1777381323","caption":"Marketing"},"url":"https:\/\/lasventastour.com\/fr\/author\/admin_6om2e6u0\/"}]}},"_links":{"self":[{"href":"https:\/\/lasventastour.com\/fr\/wp-json\/wp\/v2\/posts\/3112","targetHints":{"allow":["GET"]}}],"collection":[{"href":"https:\/\/lasventastour.com\/fr\/wp-json\/wp\/v2\/posts"}],"about":[{"href":"https:\/\/lasventastour.com\/fr\/wp-json\/wp\/v2\/types\/post"}],"author":[{"embeddable":true,"href":"https:\/\/lasventastour.com\/fr\/wp-json\/wp\/v2\/users\/1"}],"replies":[{"embeddable":true,"href":"https:\/\/lasventastour.com\/fr\/wp-json\/wp\/v2\/comments?post=3112"}],"version-history":[{"count":2,"href":"https:\/\/lasventastour.com\/fr\/wp-json\/wp\/v2\/posts\/3112\/revisions"}],"predecessor-version":[{"id":3114,"href":"https:\/\/lasventastour.com\/fr\/wp-json\/wp\/v2\/posts\/3112\/revisions\/3114"}],"wp:featuredmedia":[{"embeddable":true,"href":"https:\/\/lasventastour.com\/fr\/wp-json\/wp\/v2\/media\/1058"}],"wp:attachment":[{"href":"https:\/\/lasventastour.com\/fr\/wp-json\/wp\/v2\/media?parent=3112"}],"wp:term":[{"taxonomy":"category","embeddable":true,"href":"https:\/\/lasventastour.com\/fr\/wp-json\/wp\/v2\/categories?post=3112"},{"taxonomy":"post_tag","embeddable":true,"href":"https:\/\/lasventastour.com\/fr\/wp-json\/wp\/v2\/tags?post=3112"}],"curies":[{"name":"wp","href":"https:\/\/api.w.org\/{rel}","templated":true}]}}