{"id":3093,"date":"2023-12-05T15:37:24","date_gmt":"2023-12-05T15:37:24","guid":{"rendered":"https:\/\/lasventastour.com\/visite-de-las-ventas-zero-pose\/"},"modified":"2024-09-13T08:45:02","modified_gmt":"2024-09-13T08:45:02","slug":"visite-de-las-ventas-avec-tentido-cero","status":"publish","type":"post","link":"https:\/\/lasventastour.com\/fr\/visite-de-las-ventas-avec-tentido-cero\/","title":{"rendered":"Visite de Las Ventas Zero Pose"},"content":{"rendered":"<section class=\"l-section wpb_row height_medium\"><div class=\"l-section-h i-cf\"><div class=\"g-cols vc_row via_grid cols_1 laptops-cols_inherit tablets-cols_inherit mobiles-cols_1 valign_top type_default stacking_default\"><div class=\"wpb_column vc_column_container\"><div class=\"vc_column-inner\"><div class=\"wpb_text_column\"><div class=\"wpb_wrapper\"><p>Les ar\u00e8nes de Las Ventas del Esp\u00edritu Santo sont un monument toujours vivant et qui continue de faire parler les gens. Ensuite, nous partageons le reportage du programme taurin sur TVE de la 2, sur Tendido Cero. Nous y expliquons comment le point de vue d&rsquo;un client change, entre autres avant de d\u00e9couvrir notre travail et apr\u00e8s la <strong>visite guid\u00e9e.<\/strong> Le directeur Pedro Gracia et l&rsquo;un des coll\u00e8gues et grues les plus exp\u00e9riment\u00e9s, Yoann Meurs, apparaissent dans le rapport, qui vous raconte en d\u00e9tail les informations les plus importantes sur la tourn\u00e9e. Ne manquez pas de regarder la vid\u00e9o :<\/p>\n<\/div><\/div><div class=\"w-separator size_medium\"><\/div><div class=\"w-video align_center ratio_16x9 has_iframe\"><div class=\"w-video-h\"><iframe title=\"Youtube video player\" src=\"\/\/www.youtube.com\/embed\/EYKpUll5E4g?autoplay=0&controls=1&origin=https:\/\/lasventastour.com\/fr\/&loop=0&mute=0\" allowfullscreen=\"1\" loading=\"lazy\"><\/iframe><\/div><\/div><\/div><\/div><\/div><\/div><\/section>\n","protected":false},"excerpt":{"rendered":"Les ar\u00e8nes de Las Ventas del Esp\u00edritu Santo sont un monument toujours vivant et qui continue de faire parler les gens. Ensuite, nous partageons le reportage du programme taurin sur TVE de la 2, sur Tendido Cero. Nous y expliquons comment le point de vue d&rsquo;un client change, entre autres avant de d\u00e9couvrir notre travail...","protected":false},"author":1,"featured_media":1403,"comment_status":"open","ping_status":"open","sticky":false,"template":"","format":"standard","meta":{"footnotes":""},"categories":[51],"tags":[],"class_list":["post-3093","post","type-post","status-publish","format-standard","has-post-thumbnail","hentry","category-nouvelles"],"yoast_head":"<!-- This site is optimized with the Yoast SEO plugin v27.5 - https:\/\/yoast.com\/product\/yoast-seo-wordpress\/ -->\n<title>Visite de Las Ventas Zero Pose - Las Ventas Tour<\/title>\n<meta name=\"description\" content=\"Nous vous expliquons comment le point de vue d&#039;un client \u00e9volue, avant de d\u00e9couvrir notre travail et apr\u00e8s la visite guid\u00e9e.\" \/>\n<meta name=\"robots\" content=\"index, follow, max-snippet:-1, max-image-preview:large, max-video-preview:-1\" \/>\n<link rel=\"canonical\" href=\"https:\/\/lasventastour.com\/fr\/visite-de-las-ventas-avec-tentido-cero\/\" \/>\n<meta property=\"og:locale\" content=\"fr_FR\" \/>\n<meta property=\"og:type\" content=\"article\" \/>\n<meta property=\"og:title\" content=\"Visite de Las Ventas Zero Pose - Las Ventas Tour\" \/>\n<meta property=\"og:description\" content=\"Nous vous expliquons comment le point de vue d&#039;un client \u00e9volue, avant de d\u00e9couvrir notre travail et apr\u00e8s la visite guid\u00e9e.\" \/>\n<meta property=\"og:url\" content=\"https:\/\/lasventastour.com\/fr\/visite-de-las-ventas-avec-tentido-cero\/\" \/>\n<meta property=\"og:site_name\" content=\"Las Ventas Tour\" \/>\n<meta property=\"article:published_time\" content=\"2023-12-05T15:37:24+00:00\" \/>\n<meta property=\"article:modified_time\" content=\"2024-09-13T08:45:02+00:00\" \/>\n<meta property=\"og:image\" content=\"https:\/\/lasventastour.com\/wp-content\/uploads\/2023\/12\/tendido-cero-1024x532-1.jpg\" \/>\n\t<meta property=\"og:image:width\" content=\"1024\" \/>\n\t<meta property=\"og:image:height\" content=\"532\" \/>\n\t<meta property=\"og:image:type\" content=\"image\/jpeg\" \/>\n<meta name=\"author\" content=\"Marketing\" \/>\n<meta name=\"twitter:card\" content=\"summary_large_image\" \/>\n<meta name=\"twitter:label1\" content=\"\u00c9crit par\" \/>\n\t<meta name=\"twitter:data1\" content=\"Marketing\" \/>\n\t<meta name=\"twitter:label2\" content=\"Dur\u00e9e de lecture estim\u00e9e\" \/>\n\t<meta name=\"twitter:data2\" content=\"1 minute\" \/>\n<script type=\"application\/ld+json\" class=\"yoast-schema-graph\">{\"@context\":\"https:\\\/\\\/schema.org\",\"@graph\":[{\"@type\":\"Article\",\"@id\":\"https:\\\/\\\/lasventastour.com\\\/fr\\\/visite-de-las-ventas-avec-tentido-cero\\\/#article\",\"isPartOf\":{\"@id\":\"https:\\\/\\\/lasventastour.com\\\/fr\\\/visite-de-las-ventas-avec-tentido-cero\\\/\"},\"author\":{\"name\":\"Marketing\",\"@id\":\"https:\\\/\\\/lasventastour.com\\\/fr\\\/#\\\/schema\\\/person\\\/1929dadef5851db38bb10e82da906c66\"},\"headline\":\"Visite de Las Ventas Zero Pose\",\"datePublished\":\"2023-12-05T15:37:24+00:00\",\"dateModified\":\"2024-09-13T08:45:02+00:00\",\"mainEntityOfPage\":{\"@id\":\"https:\\\/\\\/lasventastour.com\\\/fr\\\/visite-de-las-ventas-avec-tentido-cero\\\/\"},\"wordCount\":145,\"commentCount\":0,\"publisher\":{\"@id\":\"https:\\\/\\\/lasventastour.com\\\/fr\\\/#organization\"},\"image\":{\"@id\":\"https:\\\/\\\/lasventastour.com\\\/fr\\\/visite-de-las-ventas-avec-tentido-cero\\\/#primaryimage\"},\"thumbnailUrl\":\"https:\\\/\\\/lasventastour.com\\\/wp-content\\\/uploads\\\/2023\\\/12\\\/tendido-cero-1024x532-1.jpg\",\"articleSection\":[\"Nouvelles\"],\"inLanguage\":\"fr-FR\",\"potentialAction\":[{\"@type\":\"CommentAction\",\"name\":\"Comment\",\"target\":[\"https:\\\/\\\/lasventastour.com\\\/fr\\\/visite-de-las-ventas-avec-tentido-cero\\\/#respond\"]}]},{\"@type\":\"WebPage\",\"@id\":\"https:\\\/\\\/lasventastour.com\\\/fr\\\/visite-de-las-ventas-avec-tentido-cero\\\/\",\"url\":\"https:\\\/\\\/lasventastour.com\\\/fr\\\/visite-de-las-ventas-avec-tentido-cero\\\/\",\"name\":\"Visite de Las Ventas Zero Pose - Las Ventas Tour\",\"isPartOf\":{\"@id\":\"https:\\\/\\\/lasventastour.com\\\/fr\\\/#website\"},\"primaryImageOfPage\":{\"@id\":\"https:\\\/\\\/lasventastour.com\\\/fr\\\/visite-de-las-ventas-avec-tentido-cero\\\/#primaryimage\"},\"image\":{\"@id\":\"https:\\\/\\\/lasventastour.com\\\/fr\\\/visite-de-las-ventas-avec-tentido-cero\\\/#primaryimage\"},\"thumbnailUrl\":\"https:\\\/\\\/lasventastour.com\\\/wp-content\\\/uploads\\\/2023\\\/12\\\/tendido-cero-1024x532-1.jpg\",\"datePublished\":\"2023-12-05T15:37:24+00:00\",\"dateModified\":\"2024-09-13T08:45:02+00:00\",\"description\":\"Nous vous expliquons comment le point de vue d'un client \u00e9volue, avant de d\u00e9couvrir notre travail et apr\u00e8s la visite guid\u00e9e.\",\"breadcrumb\":{\"@id\":\"https:\\\/\\\/lasventastour.com\\\/fr\\\/visite-de-las-ventas-avec-tentido-cero\\\/#breadcrumb\"},\"inLanguage\":\"fr-FR\",\"potentialAction\":[{\"@type\":\"ReadAction\",\"target\":[\"https:\\\/\\\/lasventastour.com\\\/fr\\\/visite-de-las-ventas-avec-tentido-cero\\\/\"]}]},{\"@type\":\"ImageObject\",\"inLanguage\":\"fr-FR\",\"@id\":\"https:\\\/\\\/lasventastour.com\\\/fr\\\/visite-de-las-ventas-avec-tentido-cero\\\/#primaryimage\",\"url\":\"https:\\\/\\\/lasventastour.com\\\/wp-content\\\/uploads\\\/2023\\\/12\\\/tendido-cero-1024x532-1.jpg\",\"contentUrl\":\"https:\\\/\\\/lasventastour.com\\\/wp-content\\\/uploads\\\/2023\\\/12\\\/tendido-cero-1024x532-1.jpg\",\"width\":1024,\"height\":532},{\"@type\":\"BreadcrumbList\",\"@id\":\"https:\\\/\\\/lasventastour.com\\\/fr\\\/visite-de-las-ventas-avec-tentido-cero\\\/#breadcrumb\",\"itemListElement\":[{\"@type\":\"ListItem\",\"position\":1,\"name\":\"Portada\",\"item\":\"https:\\\/\\\/lasventastour.com\\\/fr\\\/\"},{\"@type\":\"ListItem\",\"position\":2,\"name\":\"Visite de Las Ventas Zero Pose\"}]},{\"@type\":\"WebSite\",\"@id\":\"https:\\\/\\\/lasventastour.com\\\/fr\\\/#website\",\"url\":\"https:\\\/\\\/lasventastour.com\\\/fr\\\/\",\"name\":\"Las Ventas Tour\",\"description\":\"Tour Las Ventas | Plaza de Toros de Madrid | Web Oficial\",\"publisher\":{\"@id\":\"https:\\\/\\\/lasventastour.com\\\/fr\\\/#organization\"},\"alternateName\":\"Las Ventas Tour\",\"potentialAction\":[{\"@type\":\"SearchAction\",\"target\":{\"@type\":\"EntryPoint\",\"urlTemplate\":\"https:\\\/\\\/lasventastour.com\\\/fr\\\/?s={search_term_string}\"},\"query-input\":{\"@type\":\"PropertyValueSpecification\",\"valueRequired\":true,\"valueName\":\"search_term_string\"}}],\"inLanguage\":\"fr-FR\"},{\"@type\":\"Organization\",\"@id\":\"https:\\\/\\\/lasventastour.com\\\/fr\\\/#organization\",\"name\":\"Las Ventas Tour\",\"alternateName\":\"Las Ventas Tour\",\"url\":\"https:\\\/\\\/lasventastour.com\\\/fr\\\/\",\"logo\":{\"@type\":\"ImageObject\",\"inLanguage\":\"fr-FR\",\"@id\":\"https:\\\/\\\/lasventastour.com\\\/fr\\\/#\\\/schema\\\/logo\\\/image\\\/\",\"url\":\"https:\\\/\\\/lasventastour.com\\\/wp-content\\\/uploads\\\/2024\\\/09\\\/cropped-Logo-Las-Ventas-1.webp\",\"contentUrl\":\"https:\\\/\\\/lasventastour.com\\\/wp-content\\\/uploads\\\/2024\\\/09\\\/cropped-Logo-Las-Ventas-1.webp\",\"width\":512,\"height\":512,\"caption\":\"Las Ventas Tour\"},\"image\":{\"@id\":\"https:\\\/\\\/lasventastour.com\\\/fr\\\/#\\\/schema\\\/logo\\\/image\\\/\"},\"sameAs\":[\"https:\\\/\\\/www.instagram.com\\\/lasventastour\\\/\"]},{\"@type\":\"Person\",\"@id\":\"https:\\\/\\\/lasventastour.com\\\/fr\\\/#\\\/schema\\\/person\\\/1929dadef5851db38bb10e82da906c66\",\"name\":\"Marketing\",\"image\":{\"@type\":\"ImageObject\",\"inLanguage\":\"fr-FR\",\"@id\":\"https:\\\/\\\/lasventastour.com\\\/wp-content\\\/litespeed\\\/avatar\\\/784dc806a7d23845afc4e9cc8c15fe87.jpg?ver=1777381323\",\"url\":\"https:\\\/\\\/lasventastour.com\\\/wp-content\\\/litespeed\\\/avatar\\\/784dc806a7d23845afc4e9cc8c15fe87.jpg?ver=1777381323\",\"contentUrl\":\"https:\\\/\\\/lasventastour.com\\\/wp-content\\\/litespeed\\\/avatar\\\/784dc806a7d23845afc4e9cc8c15fe87.jpg?ver=1777381323\",\"caption\":\"Marketing\"},\"url\":\"https:\\\/\\\/lasventastour.com\\\/fr\\\/author\\\/admin_6om2e6u0\\\/\"}]}<\/script>\n<!-- \/ Yoast SEO plugin. -->","yoast_head_json":{"title":"Visite de Las Ventas Zero Pose - Las Ventas Tour","description":"Nous vous expliquons comment le point de vue d'un client \u00e9volue, avant de d\u00e9couvrir notre travail et apr\u00e8s la visite guid\u00e9e.","robots":{"index":"index","follow":"follow","max-snippet":"max-snippet:-1","max-image-preview":"max-image-preview:large","max-video-preview":"max-video-preview:-1"},"canonical":"https:\/\/lasventastour.com\/fr\/visite-de-las-ventas-avec-tentido-cero\/","og_locale":"fr_FR","og_type":"article","og_title":"Visite de Las Ventas Zero Pose - Las Ventas Tour","og_description":"Nous vous expliquons comment le point de vue d'un client \u00e9volue, avant de d\u00e9couvrir notre travail et apr\u00e8s la visite guid\u00e9e.","og_url":"https:\/\/lasventastour.com\/fr\/visite-de-las-ventas-avec-tentido-cero\/","og_site_name":"Las Ventas Tour","article_published_time":"2023-12-05T15:37:24+00:00","article_modified_time":"2024-09-13T08:45:02+00:00","og_image":[{"width":1024,"height":532,"url":"https:\/\/lasventastour.com\/wp-content\/uploads\/2023\/12\/tendido-cero-1024x532-1.jpg","type":"image\/jpeg"}],"author":"Marketing","twitter_card":"summary_large_image","twitter_misc":{"\u00c9crit par":"Marketing","Dur\u00e9e de lecture estim\u00e9e":"1 minute"},"schema":{"@context":"https:\/\/schema.org","@graph":[{"@type":"Article","@id":"https:\/\/lasventastour.com\/fr\/visite-de-las-ventas-avec-tentido-cero\/#article","isPartOf":{"@id":"https:\/\/lasventastour.com\/fr\/visite-de-las-ventas-avec-tentido-cero\/"},"author":{"name":"Marketing","@id":"https:\/\/lasventastour.com\/fr\/#\/schema\/person\/1929dadef5851db38bb10e82da906c66"},"headline":"Visite de Las Ventas Zero Pose","datePublished":"2023-12-05T15:37:24+00:00","dateModified":"2024-09-13T08:45:02+00:00","mainEntityOfPage":{"@id":"https:\/\/lasventastour.com\/fr\/visite-de-las-ventas-avec-tentido-cero\/"},"wordCount":145,"commentCount":0,"publisher":{"@id":"https:\/\/lasventastour.com\/fr\/#organization"},"image":{"@id":"https:\/\/lasventastour.com\/fr\/visite-de-las-ventas-avec-tentido-cero\/#primaryimage"},"thumbnailUrl":"https:\/\/lasventastour.com\/wp-content\/uploads\/2023\/12\/tendido-cero-1024x532-1.jpg","articleSection":["Nouvelles"],"inLanguage":"fr-FR","potentialAction":[{"@type":"CommentAction","name":"Comment","target":["https:\/\/lasventastour.com\/fr\/visite-de-las-ventas-avec-tentido-cero\/#respond"]}]},{"@type":"WebPage","@id":"https:\/\/lasventastour.com\/fr\/visite-de-las-ventas-avec-tentido-cero\/","url":"https:\/\/lasventastour.com\/fr\/visite-de-las-ventas-avec-tentido-cero\/","name":"Visite de Las Ventas Zero Pose - Las Ventas Tour","isPartOf":{"@id":"https:\/\/lasventastour.com\/fr\/#website"},"primaryImageOfPage":{"@id":"https:\/\/lasventastour.com\/fr\/visite-de-las-ventas-avec-tentido-cero\/#primaryimage"},"image":{"@id":"https:\/\/lasventastour.com\/fr\/visite-de-las-ventas-avec-tentido-cero\/#primaryimage"},"thumbnailUrl":"https:\/\/lasventastour.com\/wp-content\/uploads\/2023\/12\/tendido-cero-1024x532-1.jpg","datePublished":"2023-12-05T15:37:24+00:00","dateModified":"2024-09-13T08:45:02+00:00","description":"Nous vous expliquons comment le point de vue d'un client \u00e9volue, avant de d\u00e9couvrir notre travail et apr\u00e8s la visite guid\u00e9e.","breadcrumb":{"@id":"https:\/\/lasventastour.com\/fr\/visite-de-las-ventas-avec-tentido-cero\/#breadcrumb"},"inLanguage":"fr-FR","potentialAction":[{"@type":"ReadAction","target":["https:\/\/lasventastour.com\/fr\/visite-de-las-ventas-avec-tentido-cero\/"]}]},{"@type":"ImageObject","inLanguage":"fr-FR","@id":"https:\/\/lasventastour.com\/fr\/visite-de-las-ventas-avec-tentido-cero\/#primaryimage","url":"https:\/\/lasventastour.com\/wp-content\/uploads\/2023\/12\/tendido-cero-1024x532-1.jpg","contentUrl":"https:\/\/lasventastour.com\/wp-content\/uploads\/2023\/12\/tendido-cero-1024x532-1.jpg","width":1024,"height":532},{"@type":"BreadcrumbList","@id":"https:\/\/lasventastour.com\/fr\/visite-de-las-ventas-avec-tentido-cero\/#breadcrumb","itemListElement":[{"@type":"ListItem","position":1,"name":"Portada","item":"https:\/\/lasventastour.com\/fr\/"},{"@type":"ListItem","position":2,"name":"Visite de Las Ventas Zero Pose"}]},{"@type":"WebSite","@id":"https:\/\/lasventastour.com\/fr\/#website","url":"https:\/\/lasventastour.com\/fr\/","name":"Las Ventas Tour","description":"Tour Las Ventas | Plaza de Toros de Madrid | Web Oficial","publisher":{"@id":"https:\/\/lasventastour.com\/fr\/#organization"},"alternateName":"Las Ventas Tour","potentialAction":[{"@type":"SearchAction","target":{"@type":"EntryPoint","urlTemplate":"https:\/\/lasventastour.com\/fr\/?s={search_term_string}"},"query-input":{"@type":"PropertyValueSpecification","valueRequired":true,"valueName":"search_term_string"}}],"inLanguage":"fr-FR"},{"@type":"Organization","@id":"https:\/\/lasventastour.com\/fr\/#organization","name":"Las Ventas Tour","alternateName":"Las Ventas Tour","url":"https:\/\/lasventastour.com\/fr\/","logo":{"@type":"ImageObject","inLanguage":"fr-FR","@id":"https:\/\/lasventastour.com\/fr\/#\/schema\/logo\/image\/","url":"https:\/\/lasventastour.com\/wp-content\/uploads\/2024\/09\/cropped-Logo-Las-Ventas-1.webp","contentUrl":"https:\/\/lasventastour.com\/wp-content\/uploads\/2024\/09\/cropped-Logo-Las-Ventas-1.webp","width":512,"height":512,"caption":"Las Ventas Tour"},"image":{"@id":"https:\/\/lasventastour.com\/fr\/#\/schema\/logo\/image\/"},"sameAs":["https:\/\/www.instagram.com\/lasventastour\/"]},{"@type":"Person","@id":"https:\/\/lasventastour.com\/fr\/#\/schema\/person\/1929dadef5851db38bb10e82da906c66","name":"Marketing","image":{"@type":"ImageObject","inLanguage":"fr-FR","@id":"https:\/\/lasventastour.com\/wp-content\/litespeed\/avatar\/784dc806a7d23845afc4e9cc8c15fe87.jpg?ver=1777381323","url":"https:\/\/lasventastour.com\/wp-content\/litespeed\/avatar\/784dc806a7d23845afc4e9cc8c15fe87.jpg?ver=1777381323","contentUrl":"https:\/\/lasventastour.com\/wp-content\/litespeed\/avatar\/784dc806a7d23845afc4e9cc8c15fe87.jpg?ver=1777381323","caption":"Marketing"},"url":"https:\/\/lasventastour.com\/fr\/author\/admin_6om2e6u0\/"}]}},"_links":{"self":[{"href":"https:\/\/lasventastour.com\/fr\/wp-json\/wp\/v2\/posts\/3093","targetHints":{"allow":["GET"]}}],"collection":[{"href":"https:\/\/lasventastour.com\/fr\/wp-json\/wp\/v2\/posts"}],"about":[{"href":"https:\/\/lasventastour.com\/fr\/wp-json\/wp\/v2\/types\/post"}],"author":[{"embeddable":true,"href":"https:\/\/lasventastour.com\/fr\/wp-json\/wp\/v2\/users\/1"}],"replies":[{"embeddable":true,"href":"https:\/\/lasventastour.com\/fr\/wp-json\/wp\/v2\/comments?post=3093"}],"version-history":[{"count":2,"href":"https:\/\/lasventastour.com\/fr\/wp-json\/wp\/v2\/posts\/3093\/revisions"}],"predecessor-version":[{"id":3095,"href":"https:\/\/lasventastour.com\/fr\/wp-json\/wp\/v2\/posts\/3093\/revisions\/3095"}],"wp:featuredmedia":[{"embeddable":true,"href":"https:\/\/lasventastour.com\/fr\/wp-json\/wp\/v2\/media\/1403"}],"wp:attachment":[{"href":"https:\/\/lasventastour.com\/fr\/wp-json\/wp\/v2\/media?parent=3093"}],"wp:term":[{"taxonomy":"category","embeddable":true,"href":"https:\/\/lasventastour.com\/fr\/wp-json\/wp\/v2\/categories?post=3093"},{"taxonomy":"post_tag","embeddable":true,"href":"https:\/\/lasventastour.com\/fr\/wp-json\/wp\/v2\/tags?post=3093"}],"curies":[{"name":"wp","href":"https:\/\/api.w.org\/{rel}","templated":true}]}}