{"id":3071,"date":"2023-12-05T15:53:32","date_gmt":"2023-12-05T15:53:32","guid":{"rendered":"https:\/\/lasventastour.com\/la-petite-promenade\/"},"modified":"2024-09-13T08:47:21","modified_gmt":"2024-09-13T08:47:21","slug":"le-paseillo","status":"publish","type":"post","link":"https:\/\/lasventastour.com\/fr\/le-paseillo\/","title":{"rendered":"La petite promenade"},"content":{"rendered":"<section class=\"l-section wpb_row height_medium\"><div class=\"l-section-h i-cf\"><div class=\"g-cols vc_row via_grid cols_1 laptops-cols_inherit tablets-cols_inherit mobiles-cols_1 valign_top type_default stacking_default\"><div class=\"wpb_column vc_column_container\"><div class=\"vc_column-inner\"><div class=\"wpb_text_column\"><div class=\"wpb_wrapper\"><p>Dans le monde vibrant et controvers\u00e9 de la tauromachie, le Pase\u00edllo appara\u00eet comme une danse rituelle pleine de symbolisme et de courage. Ce pr\u00e9lude \u00e0 la t\u00e2che du torero n&rsquo;est pas seulement une procession vers les ar\u00e8nes, mais une expression artistique enracin\u00e9e dans la riche tradition de la corrida.<\/p>\n<h2>Qu&rsquo;est-ce que le Paseillo ?<\/h2>\n<p>Le Pase\u00edllo, qui signifie litt\u00e9ralement \u00ab marche \u00bb en espagnol, est bien plus qu&rsquo;un protocole d&rsquo;entr\u00e9e pour les toreros dans l&rsquo;ar\u00e8ne. Il s&rsquo;agit d&rsquo;un d\u00e9fil\u00e9 c\u00e9r\u00e9monial o\u00f9 les droitiers, v\u00eatus de costumes de lumi\u00e8res richement orn\u00e9s, marchent avec gr\u00e2ce et d\u00e9termination depuis les porcheries jusqu&rsquo;au centre du ring. Ce moment \u00e9ph\u00e9m\u00e8re mais capital, plein de solennit\u00e9 et de tension, marque le d\u00e9but d&rsquo;une danse mortelle entre l&rsquo;homme et la b\u00eate. Chaque pas du Pase\u00edllo est chor\u00e9graphi\u00e9 avec pr\u00e9cision. Les toreros avancent en ligne, portant \u00e9l\u00e9gamment leurs capes, tandis que la foule regarde avec un m\u00e9lange d&rsquo;attente et de respect. La musique, souvent \u00e0 double pas, enveloppe l&rsquo;atmosph\u00e8re, ajoutant une touche m\u00e9lodique \u00e0 l&rsquo;intensit\u00e9 \u00e0 venir. Ce rituel, bien que stylis\u00e9 et traditionnel, renferme une dualit\u00e9 fascinante. D&rsquo;une part, il repr\u00e9sente le lien profond avec les racines culturelles et l&rsquo;histoire ancestrale de la corrida. D\u2019un autre c\u00f4t\u00e9, c\u2019est le pr\u00e9lude \u00e0 une confrontation visc\u00e9rale entre l\u2019homme et le taureau, o\u00f9 l\u2019art et le savoir-faire se m\u00ealent \u00e0 la force brute et \u00e0 l\u2019impr\u00e9visibilit\u00e9. Le Pase\u00edllo sert \u00e9galement de pr\u00e9sentation des toreros au public, offrant aux fans l&rsquo;occasion d&rsquo;appr\u00e9cier la personnalit\u00e9 unique de chaque torero. Chaque geste, chaque regard participe \u00e0 la construction du r\u00e9cit \u00e9motionnel qui se d\u00e9roulera dans l\u2019ar\u00e8ne.<\/p>\n<\/div><\/div><div class=\"w-separator size_medium\"><\/div><div class=\"w-image align_center\"><div class=\"w-image-h\"><img decoding=\"async\" width=\"507\" height=\"341\" src=\"https:\/\/lasventastour.com\/wp-content\/uploads\/2023\/12\/orden-del-paseillo.webp\" class=\"attachment-large size-large\" alt=\"the bullfighting parade\" loading=\"lazy\" srcset=\"https:\/\/lasventastour.com\/wp-content\/uploads\/2023\/12\/orden-del-paseillo.webp 507w, https:\/\/lasventastour.com\/wp-content\/uploads\/2023\/12\/orden-del-paseillo-300x202.webp 300w\" sizes=\"auto, (max-width: 507px) 100vw, 507px\" \/><\/div><\/div><div class=\"wpb_text_column\"><div class=\"wpb_wrapper\"><p style=\"text-align: center;\">Image de <a href=\"https:\/\/www.servitoro.com\/es\/terminologia-taurina#faq_10\">Servitoro<\/a><\/p>\n<\/div><\/div><\/div><\/div><\/div><\/div><\/section><section class=\"l-section wpb_row height_medium\"><div class=\"l-section-h i-cf\"><div class=\"g-cols vc_row via_grid cols_1 laptops-cols_inherit tablets-cols_inherit mobiles-cols_1 valign_top type_default stacking_default\"><div class=\"wpb_column vc_column_container\"><div class=\"vc_column-inner\"><div class=\"wpb_text_column\"><div class=\"wpb_wrapper\"><h2>Comment doit-on ex\u00e9cuter le Pase\u00edllo ?<\/h2>\n<p>Voici quelques-unes des r\u00e8gles communes associ\u00e9es au Pase\u00edllo dans la corrida :<\/p>\n<ol>\n<li><strong>V\u00eatements sp\u00e9cifiques :<\/strong> Les toreros portent des costumes de lumi\u00e8res, costumes traditionnels richement orn\u00e9s de paillettes et de broderies. Ces costumes sont g\u00e9n\u00e9ralement de couleurs vives et con\u00e7us pour capter l&rsquo;attention du public et du taureau.<\/li>\n<li><strong>Ordre d&rsquo;entr\u00e9e :<\/strong> Les toreros entrent dans les ar\u00e8nes dans un ordre pr\u00e9cis. Le premier \u00e0 entrer est le \u00ab torero \u00bb, suivi des \u00ab banderilleros \u00bb et enfin des \u00ab picadores \u00bb. L&rsquo;ordre n&rsquo;est pas fortuit puisque les participants les plus \u00e2g\u00e9s entrent en premier sur le ring.<\/li>\n<li><strong>D\u00e9fil\u00e9 solennel :<\/strong>\n<ul>\n<li>Le Pase\u00edllo est une procession solennelle depuis les porcheries jusqu&rsquo;au centre de l&rsquo;ar\u00e8ne. Lors de ce d\u00e9fil\u00e9, les toreros portent g\u00e9n\u00e9ralement des capes et accomplissent des gestes c\u00e9r\u00e9moniaux comme saluer le pr\u00e9sident et le public.<\/li>\n<\/ul>\n<\/li>\n<li><strong>Accompagnement musical :<\/strong>\n<ul>\n<li>Le Pase\u00edllo est accompagn\u00e9 de musique, typiquement un paso doble. La bande sonore ajoute un \u00e9l\u00e9ment artistique et \u00e9motionnel \u00e0 l&rsquo;entr\u00e9e des toreros, cr\u00e9ant une atmosph\u00e8re unique sur la place.<\/li>\n<\/ul>\n<\/li>\n<li><strong>Salutations \u00e0 la Pr\u00e9sidence :<\/strong>\n<ul>\n<li>Avant de commencer la corrida, les toreros saluent g\u00e9n\u00e9ralement le pr\u00e9sident des ar\u00e8nes. Ce geste est un signe de respect envers les autorit\u00e9s et une tradition ancr\u00e9e dans l&rsquo;\u00e9tiquette taurine.<\/li>\n<\/ul>\n<\/li>\n<li><strong>Comportement c\u00e9r\u00e9monial :<\/strong>\n<ul>\n<li>Pendant le Pase\u00edllo, les toreros doivent maintenir un comportement c\u00e9r\u00e9monial et respectueux. Le s\u00e9rieux et la dignit\u00e9 sont des aspects importants de ce rituel qui pr\u00e9c\u00e8de la t\u00e2che.<\/li>\n<\/ul>\n<\/li>\n<\/ol>\n<\/div><\/div><\/div><\/div><div class=\"wpb_column vc_column_container\"><div class=\"vc_column-inner\"><\/div><\/div><\/div><\/div><\/section>\n","protected":false},"excerpt":{"rendered":"Dans le monde vibrant et controvers\u00e9 de la tauromachie, le Pase\u00edllo appara\u00eet comme une danse rituelle pleine de symbolisme et de courage. Ce pr\u00e9lude \u00e0 la t\u00e2che du torero n&rsquo;est pas seulement une procession vers les ar\u00e8nes, mais une expression artistique enracin\u00e9e dans la riche tradition de la corrida. Qu&rsquo;est-ce que le Paseillo ? Le...","protected":false},"author":1,"featured_media":1412,"comment_status":"open","ping_status":"open","sticky":false,"template":"","format":"standard","meta":{"footnotes":""},"categories":[43],"tags":[],"class_list":["post-3071","post","type-post","status-publish","format-standard","has-post-thumbnail","hentry","category-curiosites"],"yoast_head":"<!-- This site is optimized with the Yoast SEO plugin v27.5 - https:\/\/yoast.com\/product\/yoast-seo-wordpress\/ -->\n<title>Qu&#039;est-ce que le Paseillo? | Curiosit\u00e9s sur la tauromachie<\/title>\n<meta name=\"description\" content=\"Apprenez ce qu&#039;est la corrida et tout l&#039;art qui entoure cette merveilleuse mise en sc\u00e8ne de la tauromachie [Curiosidades]\" \/>\n<meta name=\"robots\" content=\"index, follow, max-snippet:-1, max-image-preview:large, max-video-preview:-1\" \/>\n<link rel=\"canonical\" href=\"https:\/\/lasventastour.com\/fr\/le-paseillo\/\" \/>\n<meta property=\"og:locale\" content=\"fr_FR\" \/>\n<meta property=\"og:type\" content=\"article\" \/>\n<meta property=\"og:title\" content=\"Qu&#039;est-ce que le Paseillo? | Curiosit\u00e9s sur la tauromachie\" \/>\n<meta property=\"og:description\" content=\"Apprenez ce qu&#039;est la corrida et tout l&#039;art qui entoure cette merveilleuse mise en sc\u00e8ne de la tauromachie [Curiosidades]\" \/>\n<meta property=\"og:url\" content=\"https:\/\/lasventastour.com\/fr\/le-paseillo\/\" \/>\n<meta property=\"og:site_name\" content=\"Las Ventas Tour\" \/>\n<meta property=\"article:published_time\" content=\"2023-12-05T15:53:32+00:00\" \/>\n<meta property=\"article:modified_time\" content=\"2024-09-13T08:47:21+00:00\" \/>\n<meta property=\"og:image\" content=\"https:\/\/lasventastour.com\/wp-content\/uploads\/2023\/12\/el-paseillo.webp\" \/>\n\t<meta property=\"og:image:width\" content=\"750\" \/>\n\t<meta property=\"og:image:height\" content=\"535\" \/>\n\t<meta property=\"og:image:type\" content=\"image\/webp\" \/>\n<meta name=\"author\" content=\"Marketing\" \/>\n<meta name=\"twitter:card\" content=\"summary_large_image\" \/>\n<meta name=\"twitter:label1\" content=\"\u00c9crit par\" \/>\n\t<meta name=\"twitter:data1\" content=\"Marketing\" \/>\n\t<meta name=\"twitter:label2\" content=\"Dur\u00e9e de lecture estim\u00e9e\" \/>\n\t<meta name=\"twitter:data2\" content=\"3 minutes\" \/>\n<script type=\"application\/ld+json\" class=\"yoast-schema-graph\">{\"@context\":\"https:\\\/\\\/schema.org\",\"@graph\":[{\"@type\":\"Article\",\"@id\":\"https:\\\/\\\/lasventastour.com\\\/fr\\\/le-paseillo\\\/#article\",\"isPartOf\":{\"@id\":\"https:\\\/\\\/lasventastour.com\\\/fr\\\/le-paseillo\\\/\"},\"author\":{\"name\":\"Marketing\",\"@id\":\"https:\\\/\\\/lasventastour.com\\\/fr\\\/#\\\/schema\\\/person\\\/1929dadef5851db38bb10e82da906c66\"},\"headline\":\"La petite promenade\",\"datePublished\":\"2023-12-05T15:53:32+00:00\",\"dateModified\":\"2024-09-13T08:47:21+00:00\",\"mainEntityOfPage\":{\"@id\":\"https:\\\/\\\/lasventastour.com\\\/fr\\\/le-paseillo\\\/\"},\"wordCount\":651,\"commentCount\":0,\"publisher\":{\"@id\":\"https:\\\/\\\/lasventastour.com\\\/fr\\\/#organization\"},\"image\":{\"@id\":\"https:\\\/\\\/lasventastour.com\\\/fr\\\/le-paseillo\\\/#primaryimage\"},\"thumbnailUrl\":\"https:\\\/\\\/lasventastour.com\\\/wp-content\\\/uploads\\\/2023\\\/12\\\/el-paseillo.webp\",\"articleSection\":[\"Curiosit\u00e9s\"],\"inLanguage\":\"fr-FR\",\"potentialAction\":[{\"@type\":\"CommentAction\",\"name\":\"Comment\",\"target\":[\"https:\\\/\\\/lasventastour.com\\\/fr\\\/le-paseillo\\\/#respond\"]}]},{\"@type\":\"WebPage\",\"@id\":\"https:\\\/\\\/lasventastour.com\\\/fr\\\/le-paseillo\\\/\",\"url\":\"https:\\\/\\\/lasventastour.com\\\/fr\\\/le-paseillo\\\/\",\"name\":\"Qu'est-ce que le Paseillo? | Curiosit\u00e9s sur la tauromachie\",\"isPartOf\":{\"@id\":\"https:\\\/\\\/lasventastour.com\\\/fr\\\/#website\"},\"primaryImageOfPage\":{\"@id\":\"https:\\\/\\\/lasventastour.com\\\/fr\\\/le-paseillo\\\/#primaryimage\"},\"image\":{\"@id\":\"https:\\\/\\\/lasventastour.com\\\/fr\\\/le-paseillo\\\/#primaryimage\"},\"thumbnailUrl\":\"https:\\\/\\\/lasventastour.com\\\/wp-content\\\/uploads\\\/2023\\\/12\\\/el-paseillo.webp\",\"datePublished\":\"2023-12-05T15:53:32+00:00\",\"dateModified\":\"2024-09-13T08:47:21+00:00\",\"description\":\"Apprenez ce qu'est la corrida et tout l'art qui entoure cette merveilleuse mise en sc\u00e8ne de la tauromachie [Curiosidades]\",\"breadcrumb\":{\"@id\":\"https:\\\/\\\/lasventastour.com\\\/fr\\\/le-paseillo\\\/#breadcrumb\"},\"inLanguage\":\"fr-FR\",\"potentialAction\":[{\"@type\":\"ReadAction\",\"target\":[\"https:\\\/\\\/lasventastour.com\\\/fr\\\/le-paseillo\\\/\"]}]},{\"@type\":\"ImageObject\",\"inLanguage\":\"fr-FR\",\"@id\":\"https:\\\/\\\/lasventastour.com\\\/fr\\\/le-paseillo\\\/#primaryimage\",\"url\":\"https:\\\/\\\/lasventastour.com\\\/wp-content\\\/uploads\\\/2023\\\/12\\\/el-paseillo.webp\",\"contentUrl\":\"https:\\\/\\\/lasventastour.com\\\/wp-content\\\/uploads\\\/2023\\\/12\\\/el-paseillo.webp\",\"width\":750,\"height\":535,\"caption\":\"la marche du torero\"},{\"@type\":\"BreadcrumbList\",\"@id\":\"https:\\\/\\\/lasventastour.com\\\/fr\\\/le-paseillo\\\/#breadcrumb\",\"itemListElement\":[{\"@type\":\"ListItem\",\"position\":1,\"name\":\"Portada\",\"item\":\"https:\\\/\\\/lasventastour.com\\\/fr\\\/\"},{\"@type\":\"ListItem\",\"position\":2,\"name\":\"La petite promenade\"}]},{\"@type\":\"WebSite\",\"@id\":\"https:\\\/\\\/lasventastour.com\\\/fr\\\/#website\",\"url\":\"https:\\\/\\\/lasventastour.com\\\/fr\\\/\",\"name\":\"Las Ventas Tour\",\"description\":\"Tour Las Ventas | Plaza de Toros de Madrid | Web Oficial\",\"publisher\":{\"@id\":\"https:\\\/\\\/lasventastour.com\\\/fr\\\/#organization\"},\"alternateName\":\"Las Ventas Tour\",\"potentialAction\":[{\"@type\":\"SearchAction\",\"target\":{\"@type\":\"EntryPoint\",\"urlTemplate\":\"https:\\\/\\\/lasventastour.com\\\/fr\\\/?s={search_term_string}\"},\"query-input\":{\"@type\":\"PropertyValueSpecification\",\"valueRequired\":true,\"valueName\":\"search_term_string\"}}],\"inLanguage\":\"fr-FR\"},{\"@type\":\"Organization\",\"@id\":\"https:\\\/\\\/lasventastour.com\\\/fr\\\/#organization\",\"name\":\"Las Ventas Tour\",\"alternateName\":\"Las Ventas Tour\",\"url\":\"https:\\\/\\\/lasventastour.com\\\/fr\\\/\",\"logo\":{\"@type\":\"ImageObject\",\"inLanguage\":\"fr-FR\",\"@id\":\"https:\\\/\\\/lasventastour.com\\\/fr\\\/#\\\/schema\\\/logo\\\/image\\\/\",\"url\":\"https:\\\/\\\/lasventastour.com\\\/wp-content\\\/uploads\\\/2024\\\/09\\\/cropped-Logo-Las-Ventas-1.webp\",\"contentUrl\":\"https:\\\/\\\/lasventastour.com\\\/wp-content\\\/uploads\\\/2024\\\/09\\\/cropped-Logo-Las-Ventas-1.webp\",\"width\":512,\"height\":512,\"caption\":\"Las Ventas Tour\"},\"image\":{\"@id\":\"https:\\\/\\\/lasventastour.com\\\/fr\\\/#\\\/schema\\\/logo\\\/image\\\/\"},\"sameAs\":[\"https:\\\/\\\/www.instagram.com\\\/lasventastour\\\/\"]},{\"@type\":\"Person\",\"@id\":\"https:\\\/\\\/lasventastour.com\\\/fr\\\/#\\\/schema\\\/person\\\/1929dadef5851db38bb10e82da906c66\",\"name\":\"Marketing\",\"image\":{\"@type\":\"ImageObject\",\"inLanguage\":\"fr-FR\",\"@id\":\"https:\\\/\\\/lasventastour.com\\\/wp-content\\\/litespeed\\\/avatar\\\/784dc806a7d23845afc4e9cc8c15fe87.jpg?ver=1777381323\",\"url\":\"https:\\\/\\\/lasventastour.com\\\/wp-content\\\/litespeed\\\/avatar\\\/784dc806a7d23845afc4e9cc8c15fe87.jpg?ver=1777381323\",\"contentUrl\":\"https:\\\/\\\/lasventastour.com\\\/wp-content\\\/litespeed\\\/avatar\\\/784dc806a7d23845afc4e9cc8c15fe87.jpg?ver=1777381323\",\"caption\":\"Marketing\"},\"url\":\"https:\\\/\\\/lasventastour.com\\\/fr\\\/author\\\/admin_6om2e6u0\\\/\"}]}<\/script>\n<!-- \/ Yoast SEO plugin. -->","yoast_head_json":{"title":"Qu'est-ce que le Paseillo? | Curiosit\u00e9s sur la tauromachie","description":"Apprenez ce qu'est la corrida et tout l'art qui entoure cette merveilleuse mise en sc\u00e8ne de la tauromachie [Curiosidades]","robots":{"index":"index","follow":"follow","max-snippet":"max-snippet:-1","max-image-preview":"max-image-preview:large","max-video-preview":"max-video-preview:-1"},"canonical":"https:\/\/lasventastour.com\/fr\/le-paseillo\/","og_locale":"fr_FR","og_type":"article","og_title":"Qu'est-ce que le Paseillo? | Curiosit\u00e9s sur la tauromachie","og_description":"Apprenez ce qu'est la corrida et tout l'art qui entoure cette merveilleuse mise en sc\u00e8ne de la tauromachie [Curiosidades]","og_url":"https:\/\/lasventastour.com\/fr\/le-paseillo\/","og_site_name":"Las Ventas Tour","article_published_time":"2023-12-05T15:53:32+00:00","article_modified_time":"2024-09-13T08:47:21+00:00","og_image":[{"width":750,"height":535,"url":"https:\/\/lasventastour.com\/wp-content\/uploads\/2023\/12\/el-paseillo.webp","type":"image\/webp"}],"author":"Marketing","twitter_card":"summary_large_image","twitter_misc":{"\u00c9crit par":"Marketing","Dur\u00e9e de lecture estim\u00e9e":"3 minutes"},"schema":{"@context":"https:\/\/schema.org","@graph":[{"@type":"Article","@id":"https:\/\/lasventastour.com\/fr\/le-paseillo\/#article","isPartOf":{"@id":"https:\/\/lasventastour.com\/fr\/le-paseillo\/"},"author":{"name":"Marketing","@id":"https:\/\/lasventastour.com\/fr\/#\/schema\/person\/1929dadef5851db38bb10e82da906c66"},"headline":"La petite promenade","datePublished":"2023-12-05T15:53:32+00:00","dateModified":"2024-09-13T08:47:21+00:00","mainEntityOfPage":{"@id":"https:\/\/lasventastour.com\/fr\/le-paseillo\/"},"wordCount":651,"commentCount":0,"publisher":{"@id":"https:\/\/lasventastour.com\/fr\/#organization"},"image":{"@id":"https:\/\/lasventastour.com\/fr\/le-paseillo\/#primaryimage"},"thumbnailUrl":"https:\/\/lasventastour.com\/wp-content\/uploads\/2023\/12\/el-paseillo.webp","articleSection":["Curiosit\u00e9s"],"inLanguage":"fr-FR","potentialAction":[{"@type":"CommentAction","name":"Comment","target":["https:\/\/lasventastour.com\/fr\/le-paseillo\/#respond"]}]},{"@type":"WebPage","@id":"https:\/\/lasventastour.com\/fr\/le-paseillo\/","url":"https:\/\/lasventastour.com\/fr\/le-paseillo\/","name":"Qu'est-ce que le Paseillo? | Curiosit\u00e9s sur la tauromachie","isPartOf":{"@id":"https:\/\/lasventastour.com\/fr\/#website"},"primaryImageOfPage":{"@id":"https:\/\/lasventastour.com\/fr\/le-paseillo\/#primaryimage"},"image":{"@id":"https:\/\/lasventastour.com\/fr\/le-paseillo\/#primaryimage"},"thumbnailUrl":"https:\/\/lasventastour.com\/wp-content\/uploads\/2023\/12\/el-paseillo.webp","datePublished":"2023-12-05T15:53:32+00:00","dateModified":"2024-09-13T08:47:21+00:00","description":"Apprenez ce qu'est la corrida et tout l'art qui entoure cette merveilleuse mise en sc\u00e8ne de la tauromachie [Curiosidades]","breadcrumb":{"@id":"https:\/\/lasventastour.com\/fr\/le-paseillo\/#breadcrumb"},"inLanguage":"fr-FR","potentialAction":[{"@type":"ReadAction","target":["https:\/\/lasventastour.com\/fr\/le-paseillo\/"]}]},{"@type":"ImageObject","inLanguage":"fr-FR","@id":"https:\/\/lasventastour.com\/fr\/le-paseillo\/#primaryimage","url":"https:\/\/lasventastour.com\/wp-content\/uploads\/2023\/12\/el-paseillo.webp","contentUrl":"https:\/\/lasventastour.com\/wp-content\/uploads\/2023\/12\/el-paseillo.webp","width":750,"height":535,"caption":"la marche du torero"},{"@type":"BreadcrumbList","@id":"https:\/\/lasventastour.com\/fr\/le-paseillo\/#breadcrumb","itemListElement":[{"@type":"ListItem","position":1,"name":"Portada","item":"https:\/\/lasventastour.com\/fr\/"},{"@type":"ListItem","position":2,"name":"La petite promenade"}]},{"@type":"WebSite","@id":"https:\/\/lasventastour.com\/fr\/#website","url":"https:\/\/lasventastour.com\/fr\/","name":"Las Ventas Tour","description":"Tour Las Ventas | Plaza de Toros de Madrid | Web Oficial","publisher":{"@id":"https:\/\/lasventastour.com\/fr\/#organization"},"alternateName":"Las Ventas Tour","potentialAction":[{"@type":"SearchAction","target":{"@type":"EntryPoint","urlTemplate":"https:\/\/lasventastour.com\/fr\/?s={search_term_string}"},"query-input":{"@type":"PropertyValueSpecification","valueRequired":true,"valueName":"search_term_string"}}],"inLanguage":"fr-FR"},{"@type":"Organization","@id":"https:\/\/lasventastour.com\/fr\/#organization","name":"Las Ventas Tour","alternateName":"Las Ventas Tour","url":"https:\/\/lasventastour.com\/fr\/","logo":{"@type":"ImageObject","inLanguage":"fr-FR","@id":"https:\/\/lasventastour.com\/fr\/#\/schema\/logo\/image\/","url":"https:\/\/lasventastour.com\/wp-content\/uploads\/2024\/09\/cropped-Logo-Las-Ventas-1.webp","contentUrl":"https:\/\/lasventastour.com\/wp-content\/uploads\/2024\/09\/cropped-Logo-Las-Ventas-1.webp","width":512,"height":512,"caption":"Las Ventas Tour"},"image":{"@id":"https:\/\/lasventastour.com\/fr\/#\/schema\/logo\/image\/"},"sameAs":["https:\/\/www.instagram.com\/lasventastour\/"]},{"@type":"Person","@id":"https:\/\/lasventastour.com\/fr\/#\/schema\/person\/1929dadef5851db38bb10e82da906c66","name":"Marketing","image":{"@type":"ImageObject","inLanguage":"fr-FR","@id":"https:\/\/lasventastour.com\/wp-content\/litespeed\/avatar\/784dc806a7d23845afc4e9cc8c15fe87.jpg?ver=1777381323","url":"https:\/\/lasventastour.com\/wp-content\/litespeed\/avatar\/784dc806a7d23845afc4e9cc8c15fe87.jpg?ver=1777381323","contentUrl":"https:\/\/lasventastour.com\/wp-content\/litespeed\/avatar\/784dc806a7d23845afc4e9cc8c15fe87.jpg?ver=1777381323","caption":"Marketing"},"url":"https:\/\/lasventastour.com\/fr\/author\/admin_6om2e6u0\/"}]}},"_links":{"self":[{"href":"https:\/\/lasventastour.com\/fr\/wp-json\/wp\/v2\/posts\/3071","targetHints":{"allow":["GET"]}}],"collection":[{"href":"https:\/\/lasventastour.com\/fr\/wp-json\/wp\/v2\/posts"}],"about":[{"href":"https:\/\/lasventastour.com\/fr\/wp-json\/wp\/v2\/types\/post"}],"author":[{"embeddable":true,"href":"https:\/\/lasventastour.com\/fr\/wp-json\/wp\/v2\/users\/1"}],"replies":[{"embeddable":true,"href":"https:\/\/lasventastour.com\/fr\/wp-json\/wp\/v2\/comments?post=3071"}],"version-history":[{"count":3,"href":"https:\/\/lasventastour.com\/fr\/wp-json\/wp\/v2\/posts\/3071\/revisions"}],"predecessor-version":[{"id":3423,"href":"https:\/\/lasventastour.com\/fr\/wp-json\/wp\/v2\/posts\/3071\/revisions\/3423"}],"wp:featuredmedia":[{"embeddable":true,"href":"https:\/\/lasventastour.com\/fr\/wp-json\/wp\/v2\/media\/1412"}],"wp:attachment":[{"href":"https:\/\/lasventastour.com\/fr\/wp-json\/wp\/v2\/media?parent=3071"}],"wp:term":[{"taxonomy":"category","embeddable":true,"href":"https:\/\/lasventastour.com\/fr\/wp-json\/wp\/v2\/categories?post=3071"},{"taxonomy":"post_tag","embeddable":true,"href":"https:\/\/lasventastour.com\/fr\/wp-json\/wp\/v2\/tags?post=3071"}],"curies":[{"name":"wp","href":"https:\/\/api.w.org\/{rel}","templated":true}]}}