{"id":2653,"date":"2024-08-27T11:52:09","date_gmt":"2024-08-27T11:52:09","guid":{"rendered":"https:\/\/lasventastour.com\/les-terrasses\/"},"modified":"2024-09-16T11:30:36","modified_gmt":"2024-09-16T11:30:36","slug":"les-terrasses","status":"publish","type":"post","link":"https:\/\/lasventastour.com\/fr\/les-terrasses\/","title":{"rendered":"Les terrasses"},"content":{"rendered":"<section class=\"l-section wpb_row height_medium\"><div class=\"l-section-h i-cf\"><div class=\"g-cols vc_row via_grid cols_1 laptops-cols_inherit tablets-cols_inherit mobiles-cols_1 valign_top type_default stacking_default\"><div class=\"wpb_column vc_column_container\"><div class=\"vc_column-inner\"><div class=\"wpb_text_column\"><div class=\"wpb_wrapper\"><p>De part et d&rsquo;autre de la Puerta Grande, deux grandes terrasses surplombent l\u2019ar\u00e8ne de Las Ventas, au premier \u00e9tage. De l\u00e0, vous pouvez admirer la riche d\u00e9coration n\u00e9o-mud\u00e9jar, l\u2019\u0153uvre des deux architectes ayant particip\u00e9 \u00e0 la construction de la place : Jos\u00e9 Espelius et Manuel Mu\u00f1oz Monasterio. Depuis les terrasses, sont visibles les arcs, les polylobulados et les motifs c\u00e9ramiques dans ses r\u00e9verb\u00e8res, tr\u00e8s caract\u00e9ristiques de l\u2019architecture n\u00e9omud\u00e9jar, style pr\u00e9dominant dans ce b\u00e2timent. Parmi les motifs c\u00e9ramiques, il convient de mentionner les carreaux ronds en c\u00e9ramique de Talavera de la Reina dans lesquels sont repr\u00e9sent\u00e9es les capitales provinciales de la carte politique espagnole du d\u00e9but du XXe si\u00e8cle. Les terrasses sont un espace privil\u00e9gi\u00e9 par le public avant et apr\u00e8s l\u2019\u00e9v\u00e9nement. Ici, vous pouvez profiter de l\u2019atmosph\u00e8re pr\u00e9c\u00e9dent le spectacle en profitant des rayons du soleil, prendre une collation et avoir des conversations sur les attentes pour la corrida de ce jour-l\u00e0. Depuis les terrasses, on peut \u00e9galement voir l\u2019exposition sculpturale avec le buste rendant hommage au docteur Alexander Fleming, qui a d\u00e9couvert la p\u00e9nicilline et devant lequel les toreros se prosternent. En effet, son invention a impact\u00e9 le monde de la tauromachie, marquant un avant et un apr\u00e8s dans le taux de mortalit\u00e9, suite \u00e0 l\u2019application m\u00e9dicale de cet antibiotique. \u00c0 sa gauche, se tient fi\u00e8rement une sculpture int\u00e9grale du c\u00e9l\u00e8bre torero Luis Miguel Domingu\u00edn, connu pour son habilet\u00e9 dans l\u2019ar\u00e8ne et pour sa vie sociale tr\u00e9pidante au fil des ans.<\/p>\n<\/div><\/div><\/div><\/div><\/div><\/div><\/section>\n","protected":false},"excerpt":{"rendered":"De part et d&rsquo;autre de la Puerta Grande, deux grandes terrasses surplombent l\u2019ar\u00e8ne de Las Ventas, au premier \u00e9tage. De l\u00e0, vous pouvez admirer la riche d\u00e9coration n\u00e9o-mud\u00e9jar, l\u2019\u0153uvre des deux architectes ayant particip\u00e9 \u00e0 la construction de la place : Jos\u00e9 Espelius et Manuel Mu\u00f1oz Monasterio. Depuis les terrasses, sont visibles les arcs, les...","protected":false},"author":1,"featured_media":3526,"comment_status":"open","ping_status":"open","sticky":false,"template":"","format":"standard","meta":{"footnotes":""},"categories":[43],"tags":[],"class_list":["post-2653","post","type-post","status-publish","format-standard","has-post-thumbnail","hentry","category-curiosites"],"yoast_head":"<!-- This site is optimized with the Yoast SEO plugin v27.5 - https:\/\/yoast.com\/product\/yoast-seo-wordpress\/ -->\n<title>Les Terrasses des ar\u00e8nes de Las Ventas | Visite des ventes<\/title>\n<meta name=\"description\" content=\"D\u00e9couvrez les secrets des terrasses des ar\u00e8nes de Las Ventas ainsi que son architecture et sa d\u00e9coration Visitez-nous !\" \/>\n<meta name=\"robots\" content=\"index, follow, max-snippet:-1, max-image-preview:large, max-video-preview:-1\" \/>\n<link rel=\"canonical\" href=\"https:\/\/lasventastour.com\/fr\/les-terrasses\/\" \/>\n<meta property=\"og:locale\" content=\"fr_FR\" \/>\n<meta property=\"og:type\" content=\"article\" \/>\n<meta property=\"og:title\" content=\"Les Terrasses des ar\u00e8nes de Las Ventas | Visite des ventes\" \/>\n<meta property=\"og:description\" content=\"D\u00e9couvrez les secrets des terrasses des ar\u00e8nes de Las Ventas ainsi que son architecture et sa d\u00e9coration Visitez-nous !\" \/>\n<meta property=\"og:url\" content=\"https:\/\/lasventastour.com\/fr\/les-terrasses\/\" \/>\n<meta property=\"og:site_name\" content=\"Las Ventas Tour\" \/>\n<meta property=\"article:published_time\" content=\"2024-08-27T11:52:09+00:00\" \/>\n<meta property=\"article:modified_time\" content=\"2024-09-16T11:30:36+00:00\" \/>\n<meta property=\"og:image\" content=\"https:\/\/lasventastour.com\/wp-content\/uploads\/2024\/08\/Terrazas-plaza-toros.webp\" \/>\n\t<meta property=\"og:image:width\" content=\"1200\" \/>\n\t<meta property=\"og:image:height\" content=\"800\" \/>\n\t<meta property=\"og:image:type\" content=\"image\/webp\" \/>\n<meta name=\"author\" content=\"Marketing\" \/>\n<meta name=\"twitter:card\" content=\"summary_large_image\" \/>\n<meta name=\"twitter:label1\" content=\"\u00c9crit par\" \/>\n\t<meta name=\"twitter:data1\" content=\"Marketing\" \/>\n\t<meta name=\"twitter:label2\" content=\"Dur\u00e9e de lecture estim\u00e9e\" \/>\n\t<meta name=\"twitter:data2\" content=\"2 minutes\" \/>\n<script type=\"application\/ld+json\" class=\"yoast-schema-graph\">{\"@context\":\"https:\\\/\\\/schema.org\",\"@graph\":[{\"@type\":\"Article\",\"@id\":\"https:\\\/\\\/lasventastour.com\\\/fr\\\/les-terrasses\\\/#article\",\"isPartOf\":{\"@id\":\"https:\\\/\\\/lasventastour.com\\\/fr\\\/les-terrasses\\\/\"},\"author\":{\"name\":\"Marketing\",\"@id\":\"https:\\\/\\\/lasventastour.com\\\/fr\\\/#\\\/schema\\\/person\\\/1929dadef5851db38bb10e82da906c66\"},\"headline\":\"Les terrasses\",\"datePublished\":\"2024-08-27T11:52:09+00:00\",\"dateModified\":\"2024-09-16T11:30:36+00:00\",\"mainEntityOfPage\":{\"@id\":\"https:\\\/\\\/lasventastour.com\\\/fr\\\/les-terrasses\\\/\"},\"wordCount\":300,\"commentCount\":0,\"publisher\":{\"@id\":\"https:\\\/\\\/lasventastour.com\\\/fr\\\/#organization\"},\"image\":{\"@id\":\"https:\\\/\\\/lasventastour.com\\\/fr\\\/les-terrasses\\\/#primaryimage\"},\"thumbnailUrl\":\"https:\\\/\\\/lasventastour.com\\\/wp-content\\\/uploads\\\/2024\\\/08\\\/Terrazas-plaza-toros.webp\",\"articleSection\":[\"Curiosit\u00e9s\"],\"inLanguage\":\"fr-FR\",\"potentialAction\":[{\"@type\":\"CommentAction\",\"name\":\"Comment\",\"target\":[\"https:\\\/\\\/lasventastour.com\\\/fr\\\/les-terrasses\\\/#respond\"]}]},{\"@type\":\"WebPage\",\"@id\":\"https:\\\/\\\/lasventastour.com\\\/fr\\\/les-terrasses\\\/\",\"url\":\"https:\\\/\\\/lasventastour.com\\\/fr\\\/les-terrasses\\\/\",\"name\":\"Les Terrasses des ar\u00e8nes de Las Ventas | Visite des ventes\",\"isPartOf\":{\"@id\":\"https:\\\/\\\/lasventastour.com\\\/fr\\\/#website\"},\"primaryImageOfPage\":{\"@id\":\"https:\\\/\\\/lasventastour.com\\\/fr\\\/les-terrasses\\\/#primaryimage\"},\"image\":{\"@id\":\"https:\\\/\\\/lasventastour.com\\\/fr\\\/les-terrasses\\\/#primaryimage\"},\"thumbnailUrl\":\"https:\\\/\\\/lasventastour.com\\\/wp-content\\\/uploads\\\/2024\\\/08\\\/Terrazas-plaza-toros.webp\",\"datePublished\":\"2024-08-27T11:52:09+00:00\",\"dateModified\":\"2024-09-16T11:30:36+00:00\",\"description\":\"D\u00e9couvrez les secrets des terrasses des ar\u00e8nes de Las Ventas ainsi que son architecture et sa d\u00e9coration Visitez-nous !\",\"breadcrumb\":{\"@id\":\"https:\\\/\\\/lasventastour.com\\\/fr\\\/les-terrasses\\\/#breadcrumb\"},\"inLanguage\":\"fr-FR\",\"potentialAction\":[{\"@type\":\"ReadAction\",\"target\":[\"https:\\\/\\\/lasventastour.com\\\/fr\\\/les-terrasses\\\/\"]}]},{\"@type\":\"ImageObject\",\"inLanguage\":\"fr-FR\",\"@id\":\"https:\\\/\\\/lasventastour.com\\\/fr\\\/les-terrasses\\\/#primaryimage\",\"url\":\"https:\\\/\\\/lasventastour.com\\\/wp-content\\\/uploads\\\/2024\\\/08\\\/Terrazas-plaza-toros.webp\",\"contentUrl\":\"https:\\\/\\\/lasventastour.com\\\/wp-content\\\/uploads\\\/2024\\\/08\\\/Terrazas-plaza-toros.webp\",\"width\":1200,\"height\":800},{\"@type\":\"BreadcrumbList\",\"@id\":\"https:\\\/\\\/lasventastour.com\\\/fr\\\/les-terrasses\\\/#breadcrumb\",\"itemListElement\":[{\"@type\":\"ListItem\",\"position\":1,\"name\":\"Portada\",\"item\":\"https:\\\/\\\/lasventastour.com\\\/fr\\\/\"},{\"@type\":\"ListItem\",\"position\":2,\"name\":\"Les terrasses\"}]},{\"@type\":\"WebSite\",\"@id\":\"https:\\\/\\\/lasventastour.com\\\/fr\\\/#website\",\"url\":\"https:\\\/\\\/lasventastour.com\\\/fr\\\/\",\"name\":\"Las Ventas Tour\",\"description\":\"Tour Las Ventas | Plaza de Toros de Madrid | Web Oficial\",\"publisher\":{\"@id\":\"https:\\\/\\\/lasventastour.com\\\/fr\\\/#organization\"},\"alternateName\":\"Las Ventas Tour\",\"potentialAction\":[{\"@type\":\"SearchAction\",\"target\":{\"@type\":\"EntryPoint\",\"urlTemplate\":\"https:\\\/\\\/lasventastour.com\\\/fr\\\/?s={search_term_string}\"},\"query-input\":{\"@type\":\"PropertyValueSpecification\",\"valueRequired\":true,\"valueName\":\"search_term_string\"}}],\"inLanguage\":\"fr-FR\"},{\"@type\":\"Organization\",\"@id\":\"https:\\\/\\\/lasventastour.com\\\/fr\\\/#organization\",\"name\":\"Las Ventas Tour\",\"alternateName\":\"Las Ventas Tour\",\"url\":\"https:\\\/\\\/lasventastour.com\\\/fr\\\/\",\"logo\":{\"@type\":\"ImageObject\",\"inLanguage\":\"fr-FR\",\"@id\":\"https:\\\/\\\/lasventastour.com\\\/fr\\\/#\\\/schema\\\/logo\\\/image\\\/\",\"url\":\"https:\\\/\\\/lasventastour.com\\\/wp-content\\\/uploads\\\/2024\\\/09\\\/cropped-Logo-Las-Ventas-1.webp\",\"contentUrl\":\"https:\\\/\\\/lasventastour.com\\\/wp-content\\\/uploads\\\/2024\\\/09\\\/cropped-Logo-Las-Ventas-1.webp\",\"width\":512,\"height\":512,\"caption\":\"Las Ventas Tour\"},\"image\":{\"@id\":\"https:\\\/\\\/lasventastour.com\\\/fr\\\/#\\\/schema\\\/logo\\\/image\\\/\"},\"sameAs\":[\"https:\\\/\\\/www.instagram.com\\\/lasventastour\\\/\"]},{\"@type\":\"Person\",\"@id\":\"https:\\\/\\\/lasventastour.com\\\/fr\\\/#\\\/schema\\\/person\\\/1929dadef5851db38bb10e82da906c66\",\"name\":\"Marketing\",\"image\":{\"@type\":\"ImageObject\",\"inLanguage\":\"fr-FR\",\"@id\":\"https:\\\/\\\/lasventastour.com\\\/wp-content\\\/litespeed\\\/avatar\\\/784dc806a7d23845afc4e9cc8c15fe87.jpg?ver=1777381323\",\"url\":\"https:\\\/\\\/lasventastour.com\\\/wp-content\\\/litespeed\\\/avatar\\\/784dc806a7d23845afc4e9cc8c15fe87.jpg?ver=1777381323\",\"contentUrl\":\"https:\\\/\\\/lasventastour.com\\\/wp-content\\\/litespeed\\\/avatar\\\/784dc806a7d23845afc4e9cc8c15fe87.jpg?ver=1777381323\",\"caption\":\"Marketing\"},\"url\":\"https:\\\/\\\/lasventastour.com\\\/fr\\\/author\\\/admin_6om2e6u0\\\/\"}]}<\/script>\n<!-- \/ Yoast SEO plugin. -->","yoast_head_json":{"title":"Les Terrasses des ar\u00e8nes de Las Ventas | Visite des ventes","description":"D\u00e9couvrez les secrets des terrasses des ar\u00e8nes de Las Ventas ainsi que son architecture et sa d\u00e9coration Visitez-nous !","robots":{"index":"index","follow":"follow","max-snippet":"max-snippet:-1","max-image-preview":"max-image-preview:large","max-video-preview":"max-video-preview:-1"},"canonical":"https:\/\/lasventastour.com\/fr\/les-terrasses\/","og_locale":"fr_FR","og_type":"article","og_title":"Les Terrasses des ar\u00e8nes de Las Ventas | Visite des ventes","og_description":"D\u00e9couvrez les secrets des terrasses des ar\u00e8nes de Las Ventas ainsi que son architecture et sa d\u00e9coration Visitez-nous !","og_url":"https:\/\/lasventastour.com\/fr\/les-terrasses\/","og_site_name":"Las Ventas Tour","article_published_time":"2024-08-27T11:52:09+00:00","article_modified_time":"2024-09-16T11:30:36+00:00","og_image":[{"width":1200,"height":800,"url":"https:\/\/lasventastour.com\/wp-content\/uploads\/2024\/08\/Terrazas-plaza-toros.webp","type":"image\/webp"}],"author":"Marketing","twitter_card":"summary_large_image","twitter_misc":{"\u00c9crit par":"Marketing","Dur\u00e9e de lecture estim\u00e9e":"2 minutes"},"schema":{"@context":"https:\/\/schema.org","@graph":[{"@type":"Article","@id":"https:\/\/lasventastour.com\/fr\/les-terrasses\/#article","isPartOf":{"@id":"https:\/\/lasventastour.com\/fr\/les-terrasses\/"},"author":{"name":"Marketing","@id":"https:\/\/lasventastour.com\/fr\/#\/schema\/person\/1929dadef5851db38bb10e82da906c66"},"headline":"Les terrasses","datePublished":"2024-08-27T11:52:09+00:00","dateModified":"2024-09-16T11:30:36+00:00","mainEntityOfPage":{"@id":"https:\/\/lasventastour.com\/fr\/les-terrasses\/"},"wordCount":300,"commentCount":0,"publisher":{"@id":"https:\/\/lasventastour.com\/fr\/#organization"},"image":{"@id":"https:\/\/lasventastour.com\/fr\/les-terrasses\/#primaryimage"},"thumbnailUrl":"https:\/\/lasventastour.com\/wp-content\/uploads\/2024\/08\/Terrazas-plaza-toros.webp","articleSection":["Curiosit\u00e9s"],"inLanguage":"fr-FR","potentialAction":[{"@type":"CommentAction","name":"Comment","target":["https:\/\/lasventastour.com\/fr\/les-terrasses\/#respond"]}]},{"@type":"WebPage","@id":"https:\/\/lasventastour.com\/fr\/les-terrasses\/","url":"https:\/\/lasventastour.com\/fr\/les-terrasses\/","name":"Les Terrasses des ar\u00e8nes de Las Ventas | Visite des ventes","isPartOf":{"@id":"https:\/\/lasventastour.com\/fr\/#website"},"primaryImageOfPage":{"@id":"https:\/\/lasventastour.com\/fr\/les-terrasses\/#primaryimage"},"image":{"@id":"https:\/\/lasventastour.com\/fr\/les-terrasses\/#primaryimage"},"thumbnailUrl":"https:\/\/lasventastour.com\/wp-content\/uploads\/2024\/08\/Terrazas-plaza-toros.webp","datePublished":"2024-08-27T11:52:09+00:00","dateModified":"2024-09-16T11:30:36+00:00","description":"D\u00e9couvrez les secrets des terrasses des ar\u00e8nes de Las Ventas ainsi que son architecture et sa d\u00e9coration Visitez-nous !","breadcrumb":{"@id":"https:\/\/lasventastour.com\/fr\/les-terrasses\/#breadcrumb"},"inLanguage":"fr-FR","potentialAction":[{"@type":"ReadAction","target":["https:\/\/lasventastour.com\/fr\/les-terrasses\/"]}]},{"@type":"ImageObject","inLanguage":"fr-FR","@id":"https:\/\/lasventastour.com\/fr\/les-terrasses\/#primaryimage","url":"https:\/\/lasventastour.com\/wp-content\/uploads\/2024\/08\/Terrazas-plaza-toros.webp","contentUrl":"https:\/\/lasventastour.com\/wp-content\/uploads\/2024\/08\/Terrazas-plaza-toros.webp","width":1200,"height":800},{"@type":"BreadcrumbList","@id":"https:\/\/lasventastour.com\/fr\/les-terrasses\/#breadcrumb","itemListElement":[{"@type":"ListItem","position":1,"name":"Portada","item":"https:\/\/lasventastour.com\/fr\/"},{"@type":"ListItem","position":2,"name":"Les terrasses"}]},{"@type":"WebSite","@id":"https:\/\/lasventastour.com\/fr\/#website","url":"https:\/\/lasventastour.com\/fr\/","name":"Las Ventas Tour","description":"Tour Las Ventas | Plaza de Toros de Madrid | Web Oficial","publisher":{"@id":"https:\/\/lasventastour.com\/fr\/#organization"},"alternateName":"Las Ventas Tour","potentialAction":[{"@type":"SearchAction","target":{"@type":"EntryPoint","urlTemplate":"https:\/\/lasventastour.com\/fr\/?s={search_term_string}"},"query-input":{"@type":"PropertyValueSpecification","valueRequired":true,"valueName":"search_term_string"}}],"inLanguage":"fr-FR"},{"@type":"Organization","@id":"https:\/\/lasventastour.com\/fr\/#organization","name":"Las Ventas Tour","alternateName":"Las Ventas Tour","url":"https:\/\/lasventastour.com\/fr\/","logo":{"@type":"ImageObject","inLanguage":"fr-FR","@id":"https:\/\/lasventastour.com\/fr\/#\/schema\/logo\/image\/","url":"https:\/\/lasventastour.com\/wp-content\/uploads\/2024\/09\/cropped-Logo-Las-Ventas-1.webp","contentUrl":"https:\/\/lasventastour.com\/wp-content\/uploads\/2024\/09\/cropped-Logo-Las-Ventas-1.webp","width":512,"height":512,"caption":"Las Ventas Tour"},"image":{"@id":"https:\/\/lasventastour.com\/fr\/#\/schema\/logo\/image\/"},"sameAs":["https:\/\/www.instagram.com\/lasventastour\/"]},{"@type":"Person","@id":"https:\/\/lasventastour.com\/fr\/#\/schema\/person\/1929dadef5851db38bb10e82da906c66","name":"Marketing","image":{"@type":"ImageObject","inLanguage":"fr-FR","@id":"https:\/\/lasventastour.com\/wp-content\/litespeed\/avatar\/784dc806a7d23845afc4e9cc8c15fe87.jpg?ver=1777381323","url":"https:\/\/lasventastour.com\/wp-content\/litespeed\/avatar\/784dc806a7d23845afc4e9cc8c15fe87.jpg?ver=1777381323","contentUrl":"https:\/\/lasventastour.com\/wp-content\/litespeed\/avatar\/784dc806a7d23845afc4e9cc8c15fe87.jpg?ver=1777381323","caption":"Marketing"},"url":"https:\/\/lasventastour.com\/fr\/author\/admin_6om2e6u0\/"}]}},"_links":{"self":[{"href":"https:\/\/lasventastour.com\/fr\/wp-json\/wp\/v2\/posts\/2653","targetHints":{"allow":["GET"]}}],"collection":[{"href":"https:\/\/lasventastour.com\/fr\/wp-json\/wp\/v2\/posts"}],"about":[{"href":"https:\/\/lasventastour.com\/fr\/wp-json\/wp\/v2\/types\/post"}],"author":[{"embeddable":true,"href":"https:\/\/lasventastour.com\/fr\/wp-json\/wp\/v2\/users\/1"}],"replies":[{"embeddable":true,"href":"https:\/\/lasventastour.com\/fr\/wp-json\/wp\/v2\/comments?post=2653"}],"version-history":[{"count":4,"href":"https:\/\/lasventastour.com\/fr\/wp-json\/wp\/v2\/posts\/2653\/revisions"}],"predecessor-version":[{"id":3314,"href":"https:\/\/lasventastour.com\/fr\/wp-json\/wp\/v2\/posts\/2653\/revisions\/3314"}],"wp:featuredmedia":[{"embeddable":true,"href":"https:\/\/lasventastour.com\/fr\/wp-json\/wp\/v2\/media\/3526"}],"wp:attachment":[{"href":"https:\/\/lasventastour.com\/fr\/wp-json\/wp\/v2\/media?parent=2653"}],"wp:term":[{"taxonomy":"category","embeddable":true,"href":"https:\/\/lasventastour.com\/fr\/wp-json\/wp\/v2\/categories?post=2653"},{"taxonomy":"post_tag","embeddable":true,"href":"https:\/\/lasventastour.com\/fr\/wp-json\/wp\/v2\/tags?post=2653"}],"curies":[{"name":"wp","href":"https:\/\/api.w.org\/{rel}","templated":true}]}}