{"id":2593,"date":"2024-08-27T11:52:25","date_gmt":"2024-08-27T11:52:25","guid":{"rendered":"https:\/\/lasventastour.com\/tendidos\/"},"modified":"2024-09-16T11:37:17","modified_gmt":"2024-09-16T11:37:17","slug":"la-tribune-royale","status":"publish","type":"post","link":"https:\/\/lasventastour.com\/fr\/la-tribune-royale\/","title":{"rendered":"La tribune royale"},"content":{"rendered":"<section class=\"l-section wpb_row height_medium\"><div class=\"l-section-h i-cf\"><div class=\"g-cols vc_row via_grid cols_1 laptops-cols_inherit tablets-cols_inherit mobiles-cols_1 valign_top type_default stacking_default\"><div class=\"wpb_column vc_column_container\"><div class=\"vc_column-inner\"><div class=\"wpb_text_column\"><div class=\"wpb_wrapper\"><p>La vue panoramique de la plus grande ar\u00e8ne d\u2019Espagne (et la troisi\u00e8me plus grande du monde apr\u00e8s la Monumental de Mexico et la Monumental de Valence au Venezuela) est l\u2019un des points les plus surprenants de la visite. \u00c0 Madrid, l\u2019espace public est divis\u00e9 en quatre niveaux : bas, haut, gradins et trottoirs. En outre, il est divis\u00e9 en 10 secteurs radialement d\u00e9limit\u00e9s. Les secteurs 9, 10, 1, 2 sont \u00e0 l\u2019ombre; 4, 5, 6, 7 sont au soleil et les secteurs 3 et 8 partagent le soleil et l\u2019ombre. Le prix des billets d\u00e9pend de l\u2019emplacement dans lequel vous \u00eates : les places au soleil et \u00e9loign\u00e9es de la piste sont les moins ch\u00e8res, celles \u00e0 l&rsquo;ombre, au plus pr\u00e8s de la piste, sont plus ch\u00e8res. On remarque, de par son architecture n\u00e9o-mud\u00e9jar et sa position, le Palco Real. Situ\u00e9 au niveau de la tribune, cet espace est r\u00e9serv\u00e9 aux autorit\u00e9s royales lorsqu\u2019elles se rendent \u00e0 la corrida de bienfaisance (corrida de toros de la Beneficencia). Celle-ci est organis\u00e9e dans le cadre de la c\u00e9l\u00e8bre Feria de San Isidro qui se d\u00e9roule aux mois de mai-juin, dans laquelle le protocole exige la pr\u00e9sence d\u2019un membre ou d&rsquo;un repr\u00e9sentant la famille royale. Le Palco Real est l\u2019\u0153uvre du deuxi\u00e8me architecte des ar\u00e8nes de Las Ventas, Manuel Mu\u00f1oz Monasterio, qui a \u00e9galement particip\u00e9 \u00e0 une grande partie du programme d\u00e9coratif de la place, du Palco Real \u00e0 la chapelle. \u00c0 gauche de la Loge Royale, se trouve la Loge Pr\u00e9sidentielle, r\u00e9serv\u00e9e au Pr\u00e9sident de la corrida, qui est l&rsquo;autorit\u00e9 maximale du spectacle. Il fait le lien entre le rite taurin et le cadre juridique, qui r\u00e9glemente exhaustivement tout le processus de la lutte. La pr\u00e9sidence, \u00e0 Madrid, est assur\u00e9e par un commissaire de la police nationale. Accompagn\u00e9 du public, il donnera les troph\u00e9es aux matadors et au taureau. C\u2019est pr\u00e9cis\u00e9ment ici, dans les tendidos, o\u00f9 vous pouvez ressentir la passion de l&rsquo;art taurin. Les spectateurs retiennent leurs souffles, crient leur m\u00e9contentement, applaudissent et r\u00e9agissent au spectacle. C&rsquo;est au sein du public, en compagnie des aficionados, que vous pourrez comprendre pourquoi la corrida est un spectacle si unique.<\/p>\n<\/div><\/div><\/div><\/div><\/div><\/div><\/section>\n","protected":false},"excerpt":{"rendered":"La vue panoramique de la plus grande ar\u00e8ne d\u2019Espagne (et la troisi\u00e8me plus grande du monde apr\u00e8s la Monumental de Mexico et la Monumental de Valence au Venezuela) est l\u2019un des points les plus surprenants de la visite. \u00c0 Madrid, l\u2019espace public est divis\u00e9 en quatre niveaux : bas, haut, gradins et trottoirs. En outre,...","protected":false},"author":1,"featured_media":1614,"comment_status":"open","ping_status":"open","sticky":false,"template":"","format":"standard","meta":{"footnotes":""},"categories":[43],"tags":[],"class_list":["post-2593","post","type-post","status-publish","format-standard","has-post-thumbnail","hentry","category-curiosites"],"yoast_head":"<!-- This site is optimized with the Yoast SEO plugin v27.5 - https:\/\/yoast.com\/product\/yoast-seo-wordpress\/ -->\n<title>Tendidos et Loge Royale | Ar\u00e8nes de Madrid<\/title>\n<meta name=\"description\" content=\"D\u00e9couvrez \u00e0 quoi ressemblent les tribunes et la loge royale des ar\u00e8nes de Madrid. D\u00e9couvrez son architecture et son design.\" \/>\n<meta name=\"robots\" content=\"index, follow, max-snippet:-1, max-image-preview:large, max-video-preview:-1\" \/>\n<link rel=\"canonical\" href=\"https:\/\/lasventastour.com\/fr\/la-tribune-royale\/\" \/>\n<meta property=\"og:locale\" content=\"fr_FR\" \/>\n<meta property=\"og:type\" content=\"article\" \/>\n<meta property=\"og:title\" content=\"Tendidos et Loge Royale | Ar\u00e8nes de Madrid\" \/>\n<meta property=\"og:description\" content=\"D\u00e9couvrez \u00e0 quoi ressemblent les tribunes et la loge royale des ar\u00e8nes de Madrid. D\u00e9couvrez son architecture et son design.\" \/>\n<meta property=\"og:url\" content=\"https:\/\/lasventastour.com\/fr\/la-tribune-royale\/\" \/>\n<meta property=\"og:site_name\" content=\"Las Ventas Tour\" \/>\n<meta property=\"article:published_time\" content=\"2024-08-27T11:52:25+00:00\" \/>\n<meta property=\"article:modified_time\" content=\"2024-09-16T11:37:17+00:00\" \/>\n<meta property=\"og:image\" content=\"https:\/\/lasventastour.com\/wp-content\/uploads\/2023\/12\/los-tendidos-y-el-palco-real.webp\" \/>\n\t<meta property=\"og:image:width\" content=\"750\" \/>\n\t<meta property=\"og:image:height\" content=\"535\" \/>\n\t<meta property=\"og:image:type\" content=\"image\/webp\" \/>\n<meta name=\"author\" content=\"Marketing\" \/>\n<meta name=\"twitter:card\" content=\"summary_large_image\" \/>\n<meta name=\"twitter:label1\" content=\"\u00c9crit par\" \/>\n\t<meta name=\"twitter:data1\" content=\"Marketing\" \/>\n\t<meta name=\"twitter:label2\" content=\"Dur\u00e9e de lecture estim\u00e9e\" \/>\n\t<meta name=\"twitter:data2\" content=\"2 minutes\" \/>\n<script type=\"application\/ld+json\" class=\"yoast-schema-graph\">{\"@context\":\"https:\\\/\\\/schema.org\",\"@graph\":[{\"@type\":\"Article\",\"@id\":\"https:\\\/\\\/lasventastour.com\\\/fr\\\/la-tribune-royale\\\/#article\",\"isPartOf\":{\"@id\":\"https:\\\/\\\/lasventastour.com\\\/fr\\\/la-tribune-royale\\\/\"},\"author\":{\"name\":\"Marketing\",\"@id\":\"https:\\\/\\\/lasventastour.com\\\/fr\\\/#\\\/schema\\\/person\\\/1929dadef5851db38bb10e82da906c66\"},\"headline\":\"La tribune royale\",\"datePublished\":\"2024-08-27T11:52:25+00:00\",\"dateModified\":\"2024-09-16T11:37:17+00:00\",\"mainEntityOfPage\":{\"@id\":\"https:\\\/\\\/lasventastour.com\\\/fr\\\/la-tribune-royale\\\/\"},\"wordCount\":404,\"commentCount\":0,\"publisher\":{\"@id\":\"https:\\\/\\\/lasventastour.com\\\/fr\\\/#organization\"},\"image\":{\"@id\":\"https:\\\/\\\/lasventastour.com\\\/fr\\\/la-tribune-royale\\\/#primaryimage\"},\"thumbnailUrl\":\"https:\\\/\\\/lasventastour.com\\\/wp-content\\\/uploads\\\/2023\\\/12\\\/los-tendidos-y-el-palco-real.webp\",\"articleSection\":[\"Curiosit\u00e9s\"],\"inLanguage\":\"fr-FR\",\"potentialAction\":[{\"@type\":\"CommentAction\",\"name\":\"Comment\",\"target\":[\"https:\\\/\\\/lasventastour.com\\\/fr\\\/la-tribune-royale\\\/#respond\"]}]},{\"@type\":\"WebPage\",\"@id\":\"https:\\\/\\\/lasventastour.com\\\/fr\\\/la-tribune-royale\\\/\",\"url\":\"https:\\\/\\\/lasventastour.com\\\/fr\\\/la-tribune-royale\\\/\",\"name\":\"Tendidos et Loge Royale | Ar\u00e8nes de Madrid\",\"isPartOf\":{\"@id\":\"https:\\\/\\\/lasventastour.com\\\/fr\\\/#website\"},\"primaryImageOfPage\":{\"@id\":\"https:\\\/\\\/lasventastour.com\\\/fr\\\/la-tribune-royale\\\/#primaryimage\"},\"image\":{\"@id\":\"https:\\\/\\\/lasventastour.com\\\/fr\\\/la-tribune-royale\\\/#primaryimage\"},\"thumbnailUrl\":\"https:\\\/\\\/lasventastour.com\\\/wp-content\\\/uploads\\\/2023\\\/12\\\/los-tendidos-y-el-palco-real.webp\",\"datePublished\":\"2024-08-27T11:52:25+00:00\",\"dateModified\":\"2024-09-16T11:37:17+00:00\",\"description\":\"D\u00e9couvrez \u00e0 quoi ressemblent les tribunes et la loge royale des ar\u00e8nes de Madrid. D\u00e9couvrez son architecture et son design.\",\"breadcrumb\":{\"@id\":\"https:\\\/\\\/lasventastour.com\\\/fr\\\/la-tribune-royale\\\/#breadcrumb\"},\"inLanguage\":\"fr-FR\",\"potentialAction\":[{\"@type\":\"ReadAction\",\"target\":[\"https:\\\/\\\/lasventastour.com\\\/fr\\\/la-tribune-royale\\\/\"]}]},{\"@type\":\"ImageObject\",\"inLanguage\":\"fr-FR\",\"@id\":\"https:\\\/\\\/lasventastour.com\\\/fr\\\/la-tribune-royale\\\/#primaryimage\",\"url\":\"https:\\\/\\\/lasventastour.com\\\/wp-content\\\/uploads\\\/2023\\\/12\\\/los-tendidos-y-el-palco-real.webp\",\"contentUrl\":\"https:\\\/\\\/lasventastour.com\\\/wp-content\\\/uploads\\\/2023\\\/12\\\/los-tendidos-y-el-palco-real.webp\",\"width\":750,\"height\":535,\"caption\":\"Foire taurine de San Isidro Madrid\"},{\"@type\":\"BreadcrumbList\",\"@id\":\"https:\\\/\\\/lasventastour.com\\\/fr\\\/la-tribune-royale\\\/#breadcrumb\",\"itemListElement\":[{\"@type\":\"ListItem\",\"position\":1,\"name\":\"Portada\",\"item\":\"https:\\\/\\\/lasventastour.com\\\/fr\\\/\"},{\"@type\":\"ListItem\",\"position\":2,\"name\":\"La tribune royale\"}]},{\"@type\":\"WebSite\",\"@id\":\"https:\\\/\\\/lasventastour.com\\\/fr\\\/#website\",\"url\":\"https:\\\/\\\/lasventastour.com\\\/fr\\\/\",\"name\":\"Las Ventas Tour\",\"description\":\"Tour Las Ventas | Plaza de Toros de Madrid | Web Oficial\",\"publisher\":{\"@id\":\"https:\\\/\\\/lasventastour.com\\\/fr\\\/#organization\"},\"alternateName\":\"Las Ventas Tour\",\"potentialAction\":[{\"@type\":\"SearchAction\",\"target\":{\"@type\":\"EntryPoint\",\"urlTemplate\":\"https:\\\/\\\/lasventastour.com\\\/fr\\\/?s={search_term_string}\"},\"query-input\":{\"@type\":\"PropertyValueSpecification\",\"valueRequired\":true,\"valueName\":\"search_term_string\"}}],\"inLanguage\":\"fr-FR\"},{\"@type\":\"Organization\",\"@id\":\"https:\\\/\\\/lasventastour.com\\\/fr\\\/#organization\",\"name\":\"Las Ventas Tour\",\"alternateName\":\"Las Ventas Tour\",\"url\":\"https:\\\/\\\/lasventastour.com\\\/fr\\\/\",\"logo\":{\"@type\":\"ImageObject\",\"inLanguage\":\"fr-FR\",\"@id\":\"https:\\\/\\\/lasventastour.com\\\/fr\\\/#\\\/schema\\\/logo\\\/image\\\/\",\"url\":\"https:\\\/\\\/lasventastour.com\\\/wp-content\\\/uploads\\\/2024\\\/09\\\/cropped-Logo-Las-Ventas-1.webp\",\"contentUrl\":\"https:\\\/\\\/lasventastour.com\\\/wp-content\\\/uploads\\\/2024\\\/09\\\/cropped-Logo-Las-Ventas-1.webp\",\"width\":512,\"height\":512,\"caption\":\"Las Ventas Tour\"},\"image\":{\"@id\":\"https:\\\/\\\/lasventastour.com\\\/fr\\\/#\\\/schema\\\/logo\\\/image\\\/\"},\"sameAs\":[\"https:\\\/\\\/www.instagram.com\\\/lasventastour\\\/\"]},{\"@type\":\"Person\",\"@id\":\"https:\\\/\\\/lasventastour.com\\\/fr\\\/#\\\/schema\\\/person\\\/1929dadef5851db38bb10e82da906c66\",\"name\":\"Marketing\",\"image\":{\"@type\":\"ImageObject\",\"inLanguage\":\"fr-FR\",\"@id\":\"https:\\\/\\\/lasventastour.com\\\/wp-content\\\/litespeed\\\/avatar\\\/784dc806a7d23845afc4e9cc8c15fe87.jpg?ver=1777381323\",\"url\":\"https:\\\/\\\/lasventastour.com\\\/wp-content\\\/litespeed\\\/avatar\\\/784dc806a7d23845afc4e9cc8c15fe87.jpg?ver=1777381323\",\"contentUrl\":\"https:\\\/\\\/lasventastour.com\\\/wp-content\\\/litespeed\\\/avatar\\\/784dc806a7d23845afc4e9cc8c15fe87.jpg?ver=1777381323\",\"caption\":\"Marketing\"},\"url\":\"https:\\\/\\\/lasventastour.com\\\/fr\\\/author\\\/admin_6om2e6u0\\\/\"}]}<\/script>\n<!-- \/ Yoast SEO plugin. -->","yoast_head_json":{"title":"Tendidos et Loge Royale | Ar\u00e8nes de Madrid","description":"D\u00e9couvrez \u00e0 quoi ressemblent les tribunes et la loge royale des ar\u00e8nes de Madrid. D\u00e9couvrez son architecture et son design.","robots":{"index":"index","follow":"follow","max-snippet":"max-snippet:-1","max-image-preview":"max-image-preview:large","max-video-preview":"max-video-preview:-1"},"canonical":"https:\/\/lasventastour.com\/fr\/la-tribune-royale\/","og_locale":"fr_FR","og_type":"article","og_title":"Tendidos et Loge Royale | Ar\u00e8nes de Madrid","og_description":"D\u00e9couvrez \u00e0 quoi ressemblent les tribunes et la loge royale des ar\u00e8nes de Madrid. D\u00e9couvrez son architecture et son design.","og_url":"https:\/\/lasventastour.com\/fr\/la-tribune-royale\/","og_site_name":"Las Ventas Tour","article_published_time":"2024-08-27T11:52:25+00:00","article_modified_time":"2024-09-16T11:37:17+00:00","og_image":[{"width":750,"height":535,"url":"https:\/\/lasventastour.com\/wp-content\/uploads\/2023\/12\/los-tendidos-y-el-palco-real.webp","type":"image\/webp"}],"author":"Marketing","twitter_card":"summary_large_image","twitter_misc":{"\u00c9crit par":"Marketing","Dur\u00e9e de lecture estim\u00e9e":"2 minutes"},"schema":{"@context":"https:\/\/schema.org","@graph":[{"@type":"Article","@id":"https:\/\/lasventastour.com\/fr\/la-tribune-royale\/#article","isPartOf":{"@id":"https:\/\/lasventastour.com\/fr\/la-tribune-royale\/"},"author":{"name":"Marketing","@id":"https:\/\/lasventastour.com\/fr\/#\/schema\/person\/1929dadef5851db38bb10e82da906c66"},"headline":"La tribune royale","datePublished":"2024-08-27T11:52:25+00:00","dateModified":"2024-09-16T11:37:17+00:00","mainEntityOfPage":{"@id":"https:\/\/lasventastour.com\/fr\/la-tribune-royale\/"},"wordCount":404,"commentCount":0,"publisher":{"@id":"https:\/\/lasventastour.com\/fr\/#organization"},"image":{"@id":"https:\/\/lasventastour.com\/fr\/la-tribune-royale\/#primaryimage"},"thumbnailUrl":"https:\/\/lasventastour.com\/wp-content\/uploads\/2023\/12\/los-tendidos-y-el-palco-real.webp","articleSection":["Curiosit\u00e9s"],"inLanguage":"fr-FR","potentialAction":[{"@type":"CommentAction","name":"Comment","target":["https:\/\/lasventastour.com\/fr\/la-tribune-royale\/#respond"]}]},{"@type":"WebPage","@id":"https:\/\/lasventastour.com\/fr\/la-tribune-royale\/","url":"https:\/\/lasventastour.com\/fr\/la-tribune-royale\/","name":"Tendidos et Loge Royale | Ar\u00e8nes de Madrid","isPartOf":{"@id":"https:\/\/lasventastour.com\/fr\/#website"},"primaryImageOfPage":{"@id":"https:\/\/lasventastour.com\/fr\/la-tribune-royale\/#primaryimage"},"image":{"@id":"https:\/\/lasventastour.com\/fr\/la-tribune-royale\/#primaryimage"},"thumbnailUrl":"https:\/\/lasventastour.com\/wp-content\/uploads\/2023\/12\/los-tendidos-y-el-palco-real.webp","datePublished":"2024-08-27T11:52:25+00:00","dateModified":"2024-09-16T11:37:17+00:00","description":"D\u00e9couvrez \u00e0 quoi ressemblent les tribunes et la loge royale des ar\u00e8nes de Madrid. D\u00e9couvrez son architecture et son design.","breadcrumb":{"@id":"https:\/\/lasventastour.com\/fr\/la-tribune-royale\/#breadcrumb"},"inLanguage":"fr-FR","potentialAction":[{"@type":"ReadAction","target":["https:\/\/lasventastour.com\/fr\/la-tribune-royale\/"]}]},{"@type":"ImageObject","inLanguage":"fr-FR","@id":"https:\/\/lasventastour.com\/fr\/la-tribune-royale\/#primaryimage","url":"https:\/\/lasventastour.com\/wp-content\/uploads\/2023\/12\/los-tendidos-y-el-palco-real.webp","contentUrl":"https:\/\/lasventastour.com\/wp-content\/uploads\/2023\/12\/los-tendidos-y-el-palco-real.webp","width":750,"height":535,"caption":"Foire taurine de San Isidro Madrid"},{"@type":"BreadcrumbList","@id":"https:\/\/lasventastour.com\/fr\/la-tribune-royale\/#breadcrumb","itemListElement":[{"@type":"ListItem","position":1,"name":"Portada","item":"https:\/\/lasventastour.com\/fr\/"},{"@type":"ListItem","position":2,"name":"La tribune royale"}]},{"@type":"WebSite","@id":"https:\/\/lasventastour.com\/fr\/#website","url":"https:\/\/lasventastour.com\/fr\/","name":"Las Ventas Tour","description":"Tour Las Ventas | Plaza de Toros de Madrid | Web Oficial","publisher":{"@id":"https:\/\/lasventastour.com\/fr\/#organization"},"alternateName":"Las Ventas Tour","potentialAction":[{"@type":"SearchAction","target":{"@type":"EntryPoint","urlTemplate":"https:\/\/lasventastour.com\/fr\/?s={search_term_string}"},"query-input":{"@type":"PropertyValueSpecification","valueRequired":true,"valueName":"search_term_string"}}],"inLanguage":"fr-FR"},{"@type":"Organization","@id":"https:\/\/lasventastour.com\/fr\/#organization","name":"Las Ventas Tour","alternateName":"Las Ventas Tour","url":"https:\/\/lasventastour.com\/fr\/","logo":{"@type":"ImageObject","inLanguage":"fr-FR","@id":"https:\/\/lasventastour.com\/fr\/#\/schema\/logo\/image\/","url":"https:\/\/lasventastour.com\/wp-content\/uploads\/2024\/09\/cropped-Logo-Las-Ventas-1.webp","contentUrl":"https:\/\/lasventastour.com\/wp-content\/uploads\/2024\/09\/cropped-Logo-Las-Ventas-1.webp","width":512,"height":512,"caption":"Las Ventas Tour"},"image":{"@id":"https:\/\/lasventastour.com\/fr\/#\/schema\/logo\/image\/"},"sameAs":["https:\/\/www.instagram.com\/lasventastour\/"]},{"@type":"Person","@id":"https:\/\/lasventastour.com\/fr\/#\/schema\/person\/1929dadef5851db38bb10e82da906c66","name":"Marketing","image":{"@type":"ImageObject","inLanguage":"fr-FR","@id":"https:\/\/lasventastour.com\/wp-content\/litespeed\/avatar\/784dc806a7d23845afc4e9cc8c15fe87.jpg?ver=1777381323","url":"https:\/\/lasventastour.com\/wp-content\/litespeed\/avatar\/784dc806a7d23845afc4e9cc8c15fe87.jpg?ver=1777381323","contentUrl":"https:\/\/lasventastour.com\/wp-content\/litespeed\/avatar\/784dc806a7d23845afc4e9cc8c15fe87.jpg?ver=1777381323","caption":"Marketing"},"url":"https:\/\/lasventastour.com\/fr\/author\/admin_6om2e6u0\/"}]}},"_links":{"self":[{"href":"https:\/\/lasventastour.com\/fr\/wp-json\/wp\/v2\/posts\/2593","targetHints":{"allow":["GET"]}}],"collection":[{"href":"https:\/\/lasventastour.com\/fr\/wp-json\/wp\/v2\/posts"}],"about":[{"href":"https:\/\/lasventastour.com\/fr\/wp-json\/wp\/v2\/types\/post"}],"author":[{"embeddable":true,"href":"https:\/\/lasventastour.com\/fr\/wp-json\/wp\/v2\/users\/1"}],"replies":[{"embeddable":true,"href":"https:\/\/lasventastour.com\/fr\/wp-json\/wp\/v2\/comments?post=2593"}],"version-history":[{"count":5,"href":"https:\/\/lasventastour.com\/fr\/wp-json\/wp\/v2\/posts\/2593\/revisions"}],"predecessor-version":[{"id":3421,"href":"https:\/\/lasventastour.com\/fr\/wp-json\/wp\/v2\/posts\/2593\/revisions\/3421"}],"wp:featuredmedia":[{"embeddable":true,"href":"https:\/\/lasventastour.com\/fr\/wp-json\/wp\/v2\/media\/1614"}],"wp:attachment":[{"href":"https:\/\/lasventastour.com\/fr\/wp-json\/wp\/v2\/media?parent=2593"}],"wp:term":[{"taxonomy":"category","embeddable":true,"href":"https:\/\/lasventastour.com\/fr\/wp-json\/wp\/v2\/categories?post=2593"},{"taxonomy":"post_tag","embeddable":true,"href":"https:\/\/lasventastour.com\/fr\/wp-json\/wp\/v2\/tags?post=2593"}],"curies":[{"name":"wp","href":"https:\/\/api.w.org\/{rel}","templated":true}]}}